{"id":15183,"date":"2015-07-30T14:50:49","date_gmt":"2015-07-30T12:50:49","guid":{"rendered":"http:\/\/www.accademiadentofacciale.it\/adf\/?p=15183"},"modified":"2021-07-09T10:23:10","modified_gmt":"2021-07-09T08:23:10","slug":"fence-technique-una-procedura-ricostruttiva-innovativa","status":"publish","type":"post","link":"https:\/\/www.accademiadentofacciale.it\/adf\/fence-technique-una-procedura-ricostruttiva-innovativa\/","title":{"rendered":"\u201cFence Technique\u201d: una procedura ricostruttiva innovativa"},"content":{"rendered":"<section class=\"l-section wpb_row height_medium\"><div class=\"l-section-h i-cf\"><div class=\"g-cols vc_row via_flex valign_top type_default stacking_default\"><div class=\"vc_col-sm-12 wpb_column vc_column_container\"><div class=\"vc_column-inner\"><div class=\"wpb_wrapper\"><div class=\"wpb_text_column\"><div class=\"wpb_wrapper\"><p>L\u2019edentulia \u00e8 stata definita come condizione patologica dall&#8217;Organizzazione Mondiale della Salute nel 1990. I disagi che tale condizione pu\u00f2 generare in termini estetici, funzionali e psicologici possono essere talmente invalidanti da far considerare l&#8217;edentulismo un handicap sociale.<\/p>\n<p>Il progressivo aumento dell\u2019et\u00e0 media ha incrementato in maniera sensibile quelle che sono le aspettative dei pazienti in termini di funzione ed estetica.<\/p>\n<p>In definitiva, sono sempre di pi\u00f9 oggi i settantenni che, godendo di un ottimo status di salute generale ed avendo ancora una vita ricca di interrelazioni personali, non si accontentano pi\u00f9 della classica protesi mobile totale ma fanno esplicita richiesta di soluzioni protesiche fisse con canoni estetici molto elevati.<\/p>\n<p>Ne \u00e8 un esempio il paziente giunto all\u2019osservazione nel 2009 lamentando gravi disagi funzionali ed estetici (Fig. 1). Le protesi mobili presenti risultavano usurate e instabili, provocando frequenti lacerazioni e decubiti dei tessuti gengivali e delle mucose orali. Il paziente riferiva che questa condizione era causa di difficolt\u00e0 psicologiche e di riduzione del livello di autostima, pertanto il desiderio era quello di risolvere i complessi problemi presenti per mezzo di una soluzione protesica che possibilmente non fosse mobile. L&#8217;analisi del profilo di rischio sistemico evidenziava che le condizioni di salute generale erano buone e che il paziente poteva essere riferito alla categoria ASA I (Owens e Coll. 1978).<\/p>\n<p>La valutazione dei fattori locali di rischio evidenziava la presenza di pochi elementi dentali (peraltro compromessi) e un quadro particolarmente accentuato di atrofia ossea a carico di entrambi i mascellari. Il grave deficit osseo poteva essere messo in relazione anche al mancato riadattamento periodico delle protesi ai tessuti di supporto.<\/p>\n<\/div><\/div><div class=\"wpb_text_column\"><div class=\"wpb_wrapper\"><h6>Fig. 1. Fotografie effettuate in occasione della prima visit\u00e0<\/h6>\n<\/div><\/div><div class=\"g-cols wpb_row via_flex valign_top type_default stacking_default\"><div class=\"vc_col-sm-3 wpb_column vc_column_container\"><div class=\"vc_column-inner\"><div class=\"wpb_wrapper\"><div class=\"w-image align_none\"><a ref=\"magnificPopup\" href=\"https:\/\/www.accademiadentofacciale.it\/adf\/wp-content\/uploads\/2015\/07\/fence_technique_1_a.jpg\" aria-label=\"Fig. 1. Fotografie effettuate in occasione della prima visita\" class=\"w-image-h\"><img decoding=\"async\" width=\"683\" height=\"1024\" src=\"https:\/\/www.accademiadentofacciale.it\/adf\/wp-content\/uploads\/2015\/07\/fence_technique_1_a-683x1024.jpg\" class=\"attachment-large size-large\" alt=\"\" loading=\"lazy\" srcset=\"https:\/\/www.accademiadentofacciale.it\/adf\/wp-content\/uploads\/2015\/07\/fence_technique_1_a-683x1024.jpg 683w, https:\/\/www.accademiadentofacciale.it\/adf\/wp-content\/uploads\/2015\/07\/fence_technique_1_a-200x300.jpg 200w, https:\/\/www.accademiadentofacciale.it\/adf\/wp-content\/uploads\/2015\/07\/fence_technique_1_a.jpg 1280w\" sizes=\"auto, (max-width: 683px) 100vw, 683px\" \/><\/a><\/div><\/div><\/div><\/div><div class=\"vc_col-sm-3 wpb_column vc_column_container\"><div class=\"vc_column-inner\"><div class=\"wpb_wrapper\"><div class=\"w-image align_none\"><a ref=\"magnificPopup\" href=\"https:\/\/www.accademiadentofacciale.it\/adf\/wp-content\/uploads\/2015\/07\/fence_technique_1_b.jpg\" aria-label=\"Fig. 1. Fotografie effettuate in occasione della prima visita\" class=\"w-image-h\"><img decoding=\"async\" width=\"683\" height=\"1024\" src=\"https:\/\/www.accademiadentofacciale.it\/adf\/wp-content\/uploads\/2015\/07\/fence_technique_1_b-683x1024.jpg\" class=\"attachment-large size-large\" alt=\"\" loading=\"lazy\" srcset=\"https:\/\/www.accademiadentofacciale.it\/adf\/wp-content\/uploads\/2015\/07\/fence_technique_1_b-683x1024.jpg 683w, https:\/\/www.accademiadentofacciale.it\/adf\/wp-content\/uploads\/2015\/07\/fence_technique_1_b-200x300.jpg 200w, https:\/\/www.accademiadentofacciale.it\/adf\/wp-content\/uploads\/2015\/07\/fence_technique_1_b.jpg 1280w\" sizes=\"auto, (max-width: 683px) 100vw, 683px\" \/><\/a><\/div><\/div><\/div><\/div><div class=\"vc_col-sm-3 wpb_column vc_column_container\"><div class=\"vc_column-inner\"><div class=\"wpb_wrapper\"><div class=\"w-image align_none\"><a ref=\"magnificPopup\" href=\"https:\/\/www.accademiadentofacciale.it\/adf\/wp-content\/uploads\/2015\/07\/fence_technique_1_c.jpg\" aria-label=\"Fig. 1. Fotografie effettuate in occasione della prima visita\" class=\"w-image-h\"><img decoding=\"async\" width=\"683\" height=\"1024\" src=\"https:\/\/www.accademiadentofacciale.it\/adf\/wp-content\/uploads\/2015\/07\/fence_technique_1_c-683x1024.jpg\" class=\"attachment-large size-large\" alt=\"\" loading=\"lazy\" srcset=\"https:\/\/www.accademiadentofacciale.it\/adf\/wp-content\/uploads\/2015\/07\/fence_technique_1_c-683x1024.jpg 683w, https:\/\/www.accademiadentofacciale.it\/adf\/wp-content\/uploads\/2015\/07\/fence_technique_1_c-200x300.jpg 200w, https:\/\/www.accademiadentofacciale.it\/adf\/wp-content\/uploads\/2015\/07\/fence_technique_1_c.jpg 1280w\" sizes=\"auto, (max-width: 683px) 100vw, 683px\" \/><\/a><\/div><\/div><\/div><\/div><div class=\"vc_col-sm-3 wpb_column vc_column_container\"><div class=\"vc_column-inner\"><div class=\"wpb_wrapper\"><div class=\"w-image align_none\"><a ref=\"magnificPopup\" href=\"https:\/\/www.accademiadentofacciale.it\/adf\/wp-content\/uploads\/2015\/07\/fence_technique_1_d.jpg\" aria-label=\"Fig. 1. Fotografie effettuate in occasione della prima visita\" class=\"w-image-h\"><img decoding=\"async\" width=\"683\" height=\"1024\" src=\"https:\/\/www.accademiadentofacciale.it\/adf\/wp-content\/uploads\/2015\/07\/fence_technique_1_d-683x1024.jpg\" class=\"attachment-large size-large\" alt=\"\" loading=\"lazy\" srcset=\"https:\/\/www.accademiadentofacciale.it\/adf\/wp-content\/uploads\/2015\/07\/fence_technique_1_d-683x1024.jpg 683w, https:\/\/www.accademiadentofacciale.it\/adf\/wp-content\/uploads\/2015\/07\/fence_technique_1_d-200x300.jpg 200w, https:\/\/www.accademiadentofacciale.it\/adf\/wp-content\/uploads\/2015\/07\/fence_technique_1_d.jpg 1280w\" sizes=\"auto, (max-width: 683px) 100vw, 683px\" \/><\/a><\/div><\/div><\/div><\/div><\/div><div class=\"g-cols wpb_row via_flex valign_top type_default stacking_default\"><div class=\"vc_col-sm-6 wpb_column vc_column_container\"><div class=\"vc_column-inner\"><div class=\"wpb_wrapper\"><div class=\"w-separator size_custom\" style=\"height:32px\"><\/div><div class=\"w-image align_none\"><a ref=\"magnificPopup\" href=\"https:\/\/www.accademiadentofacciale.it\/adf\/wp-content\/uploads\/2015\/07\/fence_technique_1_e.jpg\" aria-label=\"Fig. 1. Fotografie effettuate in occasione della prima visita\" class=\"w-image-h\"><img decoding=\"async\" width=\"1024\" height=\"682\" src=\"https:\/\/www.accademiadentofacciale.it\/adf\/wp-content\/uploads\/2015\/07\/fence_technique_1_e-1024x682.jpg\" class=\"attachment-large size-large\" alt=\"\" loading=\"lazy\" srcset=\"https:\/\/www.accademiadentofacciale.it\/adf\/wp-content\/uploads\/2015\/07\/fence_technique_1_e-1024x682.jpg 1024w, https:\/\/www.accademiadentofacciale.it\/adf\/wp-content\/uploads\/2015\/07\/fence_technique_1_e-300x200.jpg 300w, https:\/\/www.accademiadentofacciale.it\/adf\/wp-content\/uploads\/2015\/07\/fence_technique_1_e.jpg 1280w\" sizes=\"auto, (max-width: 1024px) 100vw, 1024px\" \/><\/a><\/div><div class=\"w-image align_none\"><a ref=\"magnificPopup\" href=\"https:\/\/www.accademiadentofacciale.it\/adf\/wp-content\/uploads\/2015\/07\/fence_technique_1_f.jpg\" aria-label=\"Fig. 1. Fotografie effettuate in occasione della prima visita\" class=\"w-image-h\"><img decoding=\"async\" width=\"1024\" height=\"598\" src=\"https:\/\/www.accademiadentofacciale.it\/adf\/wp-content\/uploads\/2015\/07\/fence_technique_1_f-1024x598.jpg\" class=\"attachment-large size-large\" alt=\"\" loading=\"lazy\" srcset=\"https:\/\/www.accademiadentofacciale.it\/adf\/wp-content\/uploads\/2015\/07\/fence_technique_1_f-1024x598.jpg 1024w, https:\/\/www.accademiadentofacciale.it\/adf\/wp-content\/uploads\/2015\/07\/fence_technique_1_f-300x175.jpg 300w, https:\/\/www.accademiadentofacciale.it\/adf\/wp-content\/uploads\/2015\/07\/fence_technique_1_f.jpg 1280w\" sizes=\"auto, (max-width: 1024px) 100vw, 1024px\" \/><\/a><\/div><\/div><\/div><\/div><div class=\"vc_col-sm-6 wpb_column vc_column_container\"><div class=\"vc_column-inner\"><div class=\"wpb_wrapper\"><div class=\"w-separator size_custom\" style=\"height:32px\"><\/div><div class=\"w-image align_none\"><a ref=\"magnificPopup\" href=\"https:\/\/www.accademiadentofacciale.it\/adf\/wp-content\/uploads\/2015\/07\/fence_technique_1_g.jpg\" aria-label=\"Fig. 1. Fotografie effettuate in occasione della prima visita\" class=\"w-image-h\"><img decoding=\"async\" width=\"600\" height=\"1024\" src=\"https:\/\/www.accademiadentofacciale.it\/adf\/wp-content\/uploads\/2015\/07\/fence_technique_1_g-600x1024.jpg\" class=\"attachment-large size-large\" alt=\"\" loading=\"lazy\" srcset=\"https:\/\/www.accademiadentofacciale.it\/adf\/wp-content\/uploads\/2015\/07\/fence_technique_1_g-600x1024.jpg 600w, https:\/\/www.accademiadentofacciale.it\/adf\/wp-content\/uploads\/2015\/07\/fence_technique_1_g-176x300.jpg 176w, https:\/\/www.accademiadentofacciale.it\/adf\/wp-content\/uploads\/2015\/07\/fence_technique_1_g.jpg 1280w\" sizes=\"auto, (max-width: 600px) 100vw, 600px\" \/><\/a><\/div><\/div><\/div><\/div><\/div><div class=\"g-cols wpb_row via_flex valign_top type_default stacking_default\"><div class=\"vc_col-sm-4 wpb_column vc_column_container\"><div class=\"vc_column-inner\"><div class=\"wpb_wrapper\"><div class=\"w-separator size_custom\" style=\"height:32px\"><\/div><div class=\"w-image align_none\"><a ref=\"magnificPopup\" href=\"https:\/\/www.accademiadentofacciale.it\/adf\/wp-content\/uploads\/2015\/07\/fence_technique_1_l.jpg\" aria-label=\"Fig. 1. Fotografie effettuate in occasione della prima visita\" class=\"w-image-h\"><img decoding=\"async\" width=\"1024\" height=\"641\" src=\"https:\/\/www.accademiadentofacciale.it\/adf\/wp-content\/uploads\/2015\/07\/fence_technique_1_l-1024x641.jpg\" class=\"attachment-large size-large\" alt=\"\" loading=\"lazy\" srcset=\"https:\/\/www.accademiadentofacciale.it\/adf\/wp-content\/uploads\/2015\/07\/fence_technique_1_l-1024x641.jpg 1024w, https:\/\/www.accademiadentofacciale.it\/adf\/wp-content\/uploads\/2015\/07\/fence_technique_1_l-300x188.jpg 300w, https:\/\/www.accademiadentofacciale.it\/adf\/wp-content\/uploads\/2015\/07\/fence_technique_1_l.jpg 1280w\" sizes=\"auto, (max-width: 1024px) 100vw, 1024px\" \/><\/a><\/div><\/div><\/div><\/div><div class=\"vc_col-sm-4 wpb_column vc_column_container\"><div class=\"vc_column-inner\"><div class=\"wpb_wrapper\"><div class=\"w-separator size_custom\" style=\"height:32px\"><\/div><div class=\"w-image align_none\"><a ref=\"magnificPopup\" href=\"https:\/\/www.accademiadentofacciale.it\/adf\/wp-content\/uploads\/2015\/07\/fence_technique_1_m.jpg\" aria-label=\"Fig. 1. Fotografie effettuate in occasione della prima visita\" class=\"w-image-h\"><img decoding=\"async\" width=\"1024\" height=\"669\" src=\"https:\/\/www.accademiadentofacciale.it\/adf\/wp-content\/uploads\/2015\/07\/fence_technique_1_m-1024x669.jpg\" class=\"attachment-large size-large\" alt=\"\" loading=\"lazy\" srcset=\"https:\/\/www.accademiadentofacciale.it\/adf\/wp-content\/uploads\/2015\/07\/fence_technique_1_m-1024x669.jpg 1024w, https:\/\/www.accademiadentofacciale.it\/adf\/wp-content\/uploads\/2015\/07\/fence_technique_1_m-300x196.jpg 300w, https:\/\/www.accademiadentofacciale.it\/adf\/wp-content\/uploads\/2015\/07\/fence_technique_1_m.jpg 1280w\" sizes=\"auto, (max-width: 1024px) 100vw, 1024px\" \/><\/a><\/div><\/div><\/div><\/div><div class=\"vc_col-sm-4 wpb_column vc_column_container\"><div class=\"vc_column-inner\"><div class=\"wpb_wrapper\"><div class=\"w-separator size_custom\" style=\"height:32px\"><\/div><div class=\"w-image align_none\"><a ref=\"magnificPopup\" href=\"https:\/\/www.accademiadentofacciale.it\/adf\/wp-content\/uploads\/2015\/07\/fence_technique_1_n.jpg\" aria-label=\"Fig. 1. Fotografie effettuate in occasione della prima visita\" class=\"w-image-h\"><img decoding=\"async\" width=\"1024\" height=\"536\" src=\"https:\/\/www.accademiadentofacciale.it\/adf\/wp-content\/uploads\/2015\/07\/fence_technique_1_n-1024x536.jpg\" class=\"attachment-large size-large\" alt=\"\" loading=\"lazy\" srcset=\"https:\/\/www.accademiadentofacciale.it\/adf\/wp-content\/uploads\/2015\/07\/fence_technique_1_n-1024x536.jpg 1024w, https:\/\/www.accademiadentofacciale.it\/adf\/wp-content\/uploads\/2015\/07\/fence_technique_1_n-300x157.jpg 300w, https:\/\/www.accademiadentofacciale.it\/adf\/wp-content\/uploads\/2015\/07\/fence_technique_1_n.jpg 1280w\" sizes=\"auto, (max-width: 1024px) 100vw, 1024px\" \/><\/a><\/div><\/div><\/div><\/div><\/div><\/div><\/div><\/div><\/div><\/div><\/section><section class=\"l-section wpb_row height_medium\"><div class=\"l-section-h i-cf\"><div class=\"g-cols vc_row via_flex valign_top type_default stacking_default\"><div class=\"vc_col-sm-12 wpb_column vc_column_container\"><div class=\"vc_column-inner\"><div class=\"wpb_wrapper\"><div class=\"wpb_text_column\"><div class=\"wpb_wrapper\"><p>Sulla base di queste osservazioni, di una radiografia panoramica e di una teleradiografia latero-laterale (Fig. 2), \u00e8 stato possibile eseguire gi\u00e0 nella prima seduta la diagnosi complessiva del caso e prefigurare una prima ipotesi di riabilitazione implantoprotesica del paziente, comprensiva dei costi e dei tempi necessari per la realizzazione.<\/p>\n<\/div><\/div><div class=\"wpb_text_column\"><div class=\"wpb_wrapper\"><h6>Fig. 2. Esami radiografici iniziali<\/h6>\n<\/div><\/div><div class=\"g-cols wpb_row via_flex valign_top type_default stacking_default\"><div class=\"vc_col-sm-8 wpb_column vc_column_container\"><div class=\"vc_column-inner\"><div class=\"wpb_wrapper\"><div class=\"w-image align_none\"><a ref=\"magnificPopup\" href=\"https:\/\/www.accademiadentofacciale.it\/adf\/wp-content\/uploads\/2015\/07\/fence_technique_2_a.jpg\" aria-label=\"Fig. 2. Esami radiografici iniziali\" class=\"w-image-h\"><img decoding=\"async\" width=\"1024\" height=\"561\" src=\"https:\/\/www.accademiadentofacciale.it\/adf\/wp-content\/uploads\/2015\/07\/fence_technique_2_a-1024x561.jpg\" class=\"attachment-large size-large\" alt=\"\" loading=\"lazy\" srcset=\"https:\/\/www.accademiadentofacciale.it\/adf\/wp-content\/uploads\/2015\/07\/fence_technique_2_a-1024x561.jpg 1024w, https:\/\/www.accademiadentofacciale.it\/adf\/wp-content\/uploads\/2015\/07\/fence_technique_2_a-300x164.jpg 300w, https:\/\/www.accademiadentofacciale.it\/adf\/wp-content\/uploads\/2015\/07\/fence_technique_2_a.jpg 1280w\" sizes=\"auto, (max-width: 1024px) 100vw, 1024px\" \/><\/a><\/div><\/div><\/div><\/div><div class=\"vc_col-sm-4 wpb_column vc_column_container\"><div class=\"vc_column-inner\"><div class=\"wpb_wrapper\"><div class=\"w-image align_none\"><a ref=\"magnificPopup\" href=\"https:\/\/www.accademiadentofacciale.it\/adf\/wp-content\/uploads\/2015\/07\/fence_technique_2_b.jpg\" aria-label=\"Fig. 2. Esami radiografici iniziali\" class=\"w-image-h\"><img decoding=\"async\" width=\"975\" height=\"1024\" src=\"https:\/\/www.accademiadentofacciale.it\/adf\/wp-content\/uploads\/2015\/07\/fence_technique_2_b-975x1024.jpg\" class=\"attachment-large size-large\" alt=\"\" loading=\"lazy\" srcset=\"https:\/\/www.accademiadentofacciale.it\/adf\/wp-content\/uploads\/2015\/07\/fence_technique_2_b-975x1024.jpg 975w, https:\/\/www.accademiadentofacciale.it\/adf\/wp-content\/uploads\/2015\/07\/fence_technique_2_b-286x300.jpg 286w, https:\/\/www.accademiadentofacciale.it\/adf\/wp-content\/uploads\/2015\/07\/fence_technique_2_b.jpg 1280w\" sizes=\"auto, (max-width: 975px) 100vw, 975px\" \/><\/a><\/div><\/div><\/div><\/div><\/div><\/div><\/div><\/div><\/div><\/div><\/section><section class=\"l-section wpb_row height_medium\"><div class=\"l-section-h i-cf\"><div class=\"g-cols vc_row via_flex valign_top type_default stacking_default\"><div class=\"vc_col-sm-12 wpb_column vc_column_container\"><div class=\"vc_column-inner\"><div class=\"wpb_wrapper\"><div class=\"wpb_text_column\"><div class=\"wpb_wrapper\"><p>La proposta prevedeva:<\/p>\n<ul>\n<li>l&#8217;estrazione degli elementi compromessi e\/o privi di valore strategico;<\/li>\n<li>la realizzazione di nuove protesi totali per correggere la dimensione verticale, che era profondamente alterata;<\/li>\n<li>l&#8217;inserzione di 4 impianti interforaminali nel mascellare inferiore (tecnica <em>All-on-4<sup>TM<\/sup><\/em>) (Mal\u00f3 e Coll. 2003, 2005, Patzelt e Coll. 2013) che, considerata la richiesta specifica del paziente di avere una protesi fissa, appariva la soluzione pi\u00f9 appropriata.<\/li>\n<\/ul>\n<p>Per il mascellare superiore si potevano prospettare due soluzioni:<\/p>\n<ul>\n<li>sostituire la protesi mobile provvisoria con una protesi mobile definitiva;<\/li>\n<li>procedere con una soluzione protesica fissa ancorata su impianti.<\/li>\n<\/ul>\n<p>Questa seconda ipotesi apriva altre possibili alternative terapeutiche, sia chirurgiche sia protesiche.<\/p>\n<p>Quelle chirurgiche erano rappresentate da:<\/p>\n<ul>\n<li>ricostruzione ossea mediante prelievo di osso autologo da siti extraorali (principalmente dalla cresta iliaca), con tecnica ad <em>onlay<\/em> o ad <em>inlay<\/em>;<\/li>\n<li>ricostruzione ossea mediante prelievo di osso autologo da siti intraorali;<\/li>\n<li>inserzione di impianti zigomatici.<\/li>\n<\/ul>\n<p>Dopo aver esaurientemente prospettato i vantaggi e gli svantaggi, i costi economici e i tempi di esecuzione prevedibili per ognuna delle ipotesi possibili, in accordo con il paziente, si \u00e8 optato per l&#8217;esecuzione di una protesi fissa ad ancoraggio implantare per entrambi i mascellari e con rivestimento in resina acrilica, in maniera da contenere i costi. Questa soluzione prevedeva la ricostruzione ossea del mascellare superiore mediante rigenerazione ossea guidata (GBR), avvalendosi della <em>Fence Technique<\/em> (Merli e Coll. 2013).<\/p>\n<p>Raggiunto un equilibrio estetico-funzionale con la realizzazione di protesi totali postestrative (Fig. 3), si \u00e8 proceduto all&#8217;inserimento di punti di repere radiopachi sulle protesi superiore e inferiore, in maniera da poter realizzare la tomografia computerizzata (CBCT) con la tecnica della doppia scansione, che permette di simulare virtualmente l&#8217;intervento chirurgico. Inoltre, sono stati richiesti i modelli anatomici stereolitografici necessari per poter riprodurre i prelievi intraorali di osso e pianificare la <em>Fence Technique<\/em> (Fig. 4).<\/p>\n<\/div><\/div><div class=\"wpb_text_column\"><div class=\"wpb_wrapper\"><h6>Fig. 3. Riorganizzazione mediante protesi totali postestrattive<\/h6>\n<\/div><\/div><div class=\"w-image align_none\"><a ref=\"magnificPopup\" href=\"https:\/\/www.accademiadentofacciale.it\/adf\/wp-content\/uploads\/2015\/07\/fence_technique_3_a.jpg\" aria-label=\"Fig. 3. Riorganizzazione mediante protesi totali postestrattive\" class=\"w-image-h\"><img decoding=\"async\" width=\"1140\" height=\"706\" src=\"https:\/\/www.accademiadentofacciale.it\/adf\/wp-content\/uploads\/2015\/07\/fence_technique_3_a-1280x793.jpg\" class=\"attachment-large size-large\" alt=\"\" loading=\"lazy\" srcset=\"https:\/\/www.accademiadentofacciale.it\/adf\/wp-content\/uploads\/2015\/07\/fence_technique_3_a.jpg 1280w, https:\/\/www.accademiadentofacciale.it\/adf\/wp-content\/uploads\/2015\/07\/fence_technique_3_a-300x186.jpg 300w\" sizes=\"auto, (max-width: 1140px) 100vw, 1140px\" \/><\/a><\/div><\/div><\/div><\/div><\/div><\/div><\/section><section class=\"l-section wpb_row height_medium\"><div class=\"l-section-h i-cf\"><div class=\"g-cols vc_row via_flex valign_top type_default stacking_default\"><div class=\"vc_col-sm-12 wpb_column vc_column_container\"><div class=\"vc_column-inner\"><div class=\"wpb_wrapper\"><div class=\"wpb_text_column\"><div class=\"wpb_wrapper\"><h6>Fig. 4. Riabilitazione bimascellare: analisi dei modelli stereolitografici<\/h6>\n<\/div><\/div><div class=\"g-cols wpb_row via_flex valign_top type_default stacking_default\"><div class=\"vc_col-sm-4 wpb_column vc_column_container\"><div class=\"vc_column-inner\"><div class=\"wpb_wrapper\"><div class=\"w-image align_none\"><a ref=\"magnificPopup\" href=\"https:\/\/www.accademiadentofacciale.it\/adf\/wp-content\/uploads\/2015\/07\/fence_technique_4_a.jpg\" aria-label=\"Fig. 4. Riabilitazione bimascellare: analisi dei modelli stereolitografici\" class=\"w-image-h\"><img decoding=\"async\" width=\"1140\" height=\"573\" src=\"https:\/\/www.accademiadentofacciale.it\/adf\/wp-content\/uploads\/2015\/07\/fence_technique_4_a-1280x643.jpg\" class=\"attachment-large size-large\" alt=\"\" loading=\"lazy\" srcset=\"https:\/\/www.accademiadentofacciale.it\/adf\/wp-content\/uploads\/2015\/07\/fence_technique_4_a.jpg 1280w, https:\/\/www.accademiadentofacciale.it\/adf\/wp-content\/uploads\/2015\/07\/fence_technique_4_a-300x151.jpg 300w\" sizes=\"auto, (max-width: 1140px) 100vw, 1140px\" \/><\/a><\/div><\/div><\/div><\/div><div class=\"vc_col-sm-4 wpb_column vc_column_container\"><div class=\"vc_column-inner\"><div class=\"wpb_wrapper\"><div class=\"w-image align_none\"><a ref=\"magnificPopup\" href=\"https:\/\/www.accademiadentofacciale.it\/adf\/wp-content\/uploads\/2015\/07\/fence_technique_4_b.jpg\" aria-label=\"Fig. 4. Riabilitazione bimascellare: analisi dei modelli stereolitografici\" class=\"w-image-h\"><img decoding=\"async\" width=\"1140\" height=\"628\" src=\"https:\/\/www.accademiadentofacciale.it\/adf\/wp-content\/uploads\/2015\/07\/fence_technique_4_b-1280x705.jpg\" class=\"attachment-large size-large\" alt=\"\" loading=\"lazy\" srcset=\"https:\/\/www.accademiadentofacciale.it\/adf\/wp-content\/uploads\/2015\/07\/fence_technique_4_b.jpg 1280w, https:\/\/www.accademiadentofacciale.it\/adf\/wp-content\/uploads\/2015\/07\/fence_technique_4_b-300x165.jpg 300w\" sizes=\"auto, (max-width: 1140px) 100vw, 1140px\" \/><\/a><\/div><\/div><\/div><\/div><div class=\"vc_col-sm-4 wpb_column vc_column_container\"><div class=\"vc_column-inner\"><div class=\"wpb_wrapper\"><div class=\"w-image align_none\"><a ref=\"magnificPopup\" href=\"https:\/\/www.accademiadentofacciale.it\/adf\/wp-content\/uploads\/2015\/07\/fence_technique_4_c.jpg\" aria-label=\"Fig. 4. Riabilitazione bimascellare: analisi dei modelli stereolitografici\" class=\"w-image-h\"><img decoding=\"async\" width=\"1140\" height=\"760\" src=\"https:\/\/www.accademiadentofacciale.it\/adf\/wp-content\/uploads\/2015\/07\/fence_technique_4_c-1280x853.jpg\" class=\"attachment-large size-large\" alt=\"\" loading=\"lazy\" srcset=\"https:\/\/www.accademiadentofacciale.it\/adf\/wp-content\/uploads\/2015\/07\/fence_technique_4_c.jpg 1280w, https:\/\/www.accademiadentofacciale.it\/adf\/wp-content\/uploads\/2015\/07\/fence_technique_4_c-300x200.jpg 300w\" sizes=\"auto, (max-width: 1140px) 100vw, 1140px\" \/><\/a><\/div><\/div><\/div><\/div><\/div><\/div><\/div><\/div><\/div><\/div><\/section><section class=\"l-section wpb_row height_medium\"><div class=\"l-section-h i-cf\"><div class=\"g-cols vc_row via_flex valign_top type_default stacking_default\"><div class=\"vc_col-sm-12 wpb_column vc_column_container\"><div class=\"vc_column-inner\"><div class=\"wpb_wrapper\"><div class=\"wpb_text_column\"><div class=\"wpb_wrapper\"><p>Sulla base della pianificazione virtuale, \u00e8 stata poi richiesta la guida chirurgica vincolata che \u00e8 stata utilizzata seguendo solo in parte i protocolli operativi previsti dalla casa produttrice. Infatti, la presenza di una notevole disarmonia della cresta ossea residua richiedeva una regolarizzazione preventiva all&#8217;inserzione implantare. Pertanto, la guida chirurgica \u00e8 stata inizialmente stabilizzata mediante gli appositi perni di ancoraggio al fine di memorizzare la posizione corretta pianificata. Poi, modificando il protocollo operativo classico, che in questa sistematica prevede una tecnica <em>flapless<\/em>, la guida \u00e8 stata rimossa al fine di poter accedere, mediante il sollevamento di un lembo mucoperiosteo, alla struttura ossea sottostante irregolare. A questo punto, \u00e8 stata eseguita l&#8217;osteotomia della cresta ossea per ottenere la necessaria regolarizzazione. Quindi, la guida chirurgica \u00e8 stata nuovamente fissata ai fori precedentemente realizzati ed \u00e8 stata effettuata la procedura osteotomica di inserzione implantare.<\/p>\n<p>Come diretta conseguenza della modifica del protocollo appena descritta, sebbene l&#8217;asse di inserzione implantare pianificato virtualmente venga rispettato, la posizione verticale definitiva della piattaforma implantare viene decisa intraoperatoriamente, senza l&#8217;ausilio della guida chirurgica.<\/p>\n<p>Completata questa prima fase chirurgica, prima di intraprendere l&#8217;esecuzione della <em>Fence Technique<\/em> nel mascellare superiore, in ragione della notevole rigenerazione tridimensionale richiesta, si \u00e8 reso necessario prelevare un ulteriore quantitativo di osso autologo dal ramo-corpo mandibolare, bilateralmente (Fig. 5).<\/p>\n<\/div><\/div><div class=\"wpb_text_column\"><div class=\"wpb_wrapper\"><h6>Fig. 5. Riabilitazione bimascellare: chirurgia guidata nel mascellare inferiore e <em>Fence Technique<\/em> nel mascellare superiore<\/h6>\n<\/div><\/div><div class=\"g-cols wpb_row via_flex valign_top type_default stacking_default\"><div class=\"vc_col-sm-6 wpb_column vc_column_container\"><div class=\"vc_column-inner\"><div class=\"wpb_wrapper\"><div class=\"w-image align_none\"><a ref=\"magnificPopup\" href=\"https:\/\/www.accademiadentofacciale.it\/adf\/wp-content\/uploads\/2015\/07\/fence_technique_5_a.jpg\" aria-label=\"Fig. 5. Riabilitazione bimascellare: chirurgia guidata nel mascellare inferiore e Fence Technique nel mascellare superiore\" class=\"w-image-h\"><img decoding=\"async\" width=\"1140\" height=\"719\" src=\"https:\/\/www.accademiadentofacciale.it\/adf\/wp-content\/uploads\/2015\/07\/fence_technique_5_a-1280x807.jpg\" class=\"attachment-large size-large\" alt=\"\" loading=\"lazy\" srcset=\"https:\/\/www.accademiadentofacciale.it\/adf\/wp-content\/uploads\/2015\/07\/fence_technique_5_a.jpg 1280w, https:\/\/www.accademiadentofacciale.it\/adf\/wp-content\/uploads\/2015\/07\/fence_technique_5_a-300x189.jpg 300w\" sizes=\"auto, (max-width: 1140px) 100vw, 1140px\" \/><\/a><\/div><\/div><\/div><\/div><div class=\"vc_col-sm-6 wpb_column vc_column_container\"><div class=\"vc_column-inner\"><div class=\"wpb_wrapper\"><div class=\"w-image align_none\"><a ref=\"magnificPopup\" href=\"https:\/\/www.accademiadentofacciale.it\/adf\/wp-content\/uploads\/2015\/07\/fence_technique_5_b.jpg\" aria-label=\"Fig. 5. Riabilitazione bimascellare: chirurgia guidata nel mascellare inferiore e Fence Technique nel mascellare superiore\" class=\"w-image-h\"><img decoding=\"async\" width=\"1140\" height=\"573\" src=\"https:\/\/www.accademiadentofacciale.it\/adf\/wp-content\/uploads\/2015\/07\/fence_technique_5_b-1280x643.jpg\" class=\"attachment-large size-large\" alt=\"\" loading=\"lazy\" srcset=\"https:\/\/www.accademiadentofacciale.it\/adf\/wp-content\/uploads\/2015\/07\/fence_technique_5_b.jpg 1280w, https:\/\/www.accademiadentofacciale.it\/adf\/wp-content\/uploads\/2015\/07\/fence_technique_5_b-300x151.jpg 300w\" sizes=\"auto, (max-width: 1140px) 100vw, 1140px\" \/><\/a><\/div><\/div><\/div><\/div><\/div><div class=\"g-cols wpb_row via_flex valign_top type_default stacking_default\"><div class=\"vc_col-sm-6 wpb_column vc_column_container\"><div class=\"vc_column-inner\"><div class=\"wpb_wrapper\"><div class=\"w-separator size_custom\" style=\"height:32px\"><\/div><div class=\"w-image align_none\"><a ref=\"magnificPopup\" href=\"https:\/\/www.accademiadentofacciale.it\/adf\/wp-content\/uploads\/2015\/07\/fence_technique_5_c.jpg\" aria-label=\"Fig. 5. Riabilitazione bimascellare: chirurgia guidata nel mascellare inferiore e Fence Technique nel mascellare superiore\" class=\"w-image-h\"><img decoding=\"async\" width=\"1140\" height=\"761\" src=\"https:\/\/www.accademiadentofacciale.it\/adf\/wp-content\/uploads\/2015\/07\/fence_technique_5_c-1280x855.jpg\" class=\"attachment-large size-large\" alt=\"\" loading=\"lazy\" srcset=\"https:\/\/www.accademiadentofacciale.it\/adf\/wp-content\/uploads\/2015\/07\/fence_technique_5_c.jpg 1280w, https:\/\/www.accademiadentofacciale.it\/adf\/wp-content\/uploads\/2015\/07\/fence_technique_5_c-300x200.jpg 300w\" sizes=\"auto, (max-width: 1140px) 100vw, 1140px\" \/><\/a><\/div><\/div><\/div><\/div><div class=\"vc_col-sm-6 wpb_column vc_column_container\"><div class=\"vc_column-inner\"><div class=\"wpb_wrapper\"><div class=\"w-separator size_custom\" style=\"height:32px\"><\/div><div class=\"w-image align_none\"><a ref=\"magnificPopup\" href=\"https:\/\/www.accademiadentofacciale.it\/adf\/wp-content\/uploads\/2015\/07\/fence_technique_5_d.jpg\" aria-label=\"Fig. 5. Riabilitazione bimascellare: chirurgia guidata nel mascellare inferiore e Fence Technique nel mascellare superiore\" class=\"w-image-h\"><img decoding=\"async\" width=\"1140\" height=\"725\" src=\"https:\/\/www.accademiadentofacciale.it\/adf\/wp-content\/uploads\/2015\/07\/fence_technique_5_d-1280x814.jpg\" class=\"attachment-large size-large\" alt=\"\" loading=\"lazy\" srcset=\"https:\/\/www.accademiadentofacciale.it\/adf\/wp-content\/uploads\/2015\/07\/fence_technique_5_d.jpg 1280w, https:\/\/www.accademiadentofacciale.it\/adf\/wp-content\/uploads\/2015\/07\/fence_technique_5_d-300x191.jpg 300w\" sizes=\"auto, (max-width: 1140px) 100vw, 1140px\" \/><\/a><\/div><\/div><\/div><\/div><\/div><div class=\"g-cols wpb_row via_flex valign_top type_default stacking_default\"><div class=\"vc_col-sm-4 wpb_column vc_column_container\"><div class=\"vc_column-inner\"><div class=\"wpb_wrapper\"><div class=\"w-separator size_custom\" style=\"height:32px\"><\/div><div class=\"w-image align_none\"><a ref=\"magnificPopup\" href=\"https:\/\/www.accademiadentofacciale.it\/adf\/wp-content\/uploads\/2015\/07\/fence_technique_5_e.jpg\" aria-label=\"Fig. 5. Riabilitazione bimascellare: chirurgia guidata nel mascellare inferiore e Fence Technique nel mascellare superiore\" class=\"w-image-h\"><img decoding=\"async\" width=\"1140\" height=\"740\" src=\"https:\/\/www.accademiadentofacciale.it\/adf\/wp-content\/uploads\/2015\/07\/fence_technique_5_e-1280x831.jpg\" class=\"attachment-large size-large\" alt=\"\" loading=\"lazy\" srcset=\"https:\/\/www.accademiadentofacciale.it\/adf\/wp-content\/uploads\/2015\/07\/fence_technique_5_e.jpg 1280w, https:\/\/www.accademiadentofacciale.it\/adf\/wp-content\/uploads\/2015\/07\/fence_technique_5_e-300x195.jpg 300w\" sizes=\"auto, (max-width: 1140px) 100vw, 1140px\" \/><\/a><\/div><\/div><\/div><\/div><div class=\"vc_col-sm-4 wpb_column vc_column_container\"><div class=\"vc_column-inner\"><div class=\"wpb_wrapper\"><div class=\"w-separator size_custom\" style=\"height:32px\"><\/div><div class=\"w-image align_none\"><a ref=\"magnificPopup\" href=\"https:\/\/www.accademiadentofacciale.it\/adf\/wp-content\/uploads\/2015\/07\/fence_technique_5_f.jpg\" aria-label=\"Fig. 5. Riabilitazione bimascellare: chirurgia guidata nel mascellare inferiore e Fence Technique nel mascellare superiore\" class=\"w-image-h\"><img decoding=\"async\" width=\"1140\" height=\"702\" src=\"https:\/\/www.accademiadentofacciale.it\/adf\/wp-content\/uploads\/2015\/07\/fence_technique_5_f-1280x788.jpg\" class=\"attachment-large size-large\" alt=\"\" loading=\"lazy\" srcset=\"https:\/\/www.accademiadentofacciale.it\/adf\/wp-content\/uploads\/2015\/07\/fence_technique_5_f.jpg 1280w, https:\/\/www.accademiadentofacciale.it\/adf\/wp-content\/uploads\/2015\/07\/fence_technique_5_f-300x185.jpg 300w\" sizes=\"auto, (max-width: 1140px) 100vw, 1140px\" \/><\/a><\/div><\/div><\/div><\/div><div class=\"vc_col-sm-4 wpb_column vc_column_container\"><div class=\"vc_column-inner\"><div class=\"wpb_wrapper\"><div class=\"w-separator size_custom\" style=\"height:32px\"><\/div><div class=\"w-image align_none\"><a ref=\"magnificPopup\" href=\"https:\/\/www.accademiadentofacciale.it\/adf\/wp-content\/uploads\/2015\/07\/fence_technique_5_g.jpg\" aria-label=\"Fig. 5. Riabilitazione bimascellare: chirurgia guidata nel mascellare inferiore e Fence Technique nel mascellare superiore\" class=\"w-image-h\"><img decoding=\"async\" width=\"1140\" height=\"721\" src=\"https:\/\/www.accademiadentofacciale.it\/adf\/wp-content\/uploads\/2015\/07\/fence_technique_5_g-1280x810.jpg\" class=\"attachment-large size-large\" alt=\"\" loading=\"lazy\" srcset=\"https:\/\/www.accademiadentofacciale.it\/adf\/wp-content\/uploads\/2015\/07\/fence_technique_5_g.jpg 1280w, https:\/\/www.accademiadentofacciale.it\/adf\/wp-content\/uploads\/2015\/07\/fence_technique_5_g-300x190.jpg 300w\" sizes=\"auto, (max-width: 1140px) 100vw, 1140px\" \/><\/a><\/div><\/div><\/div><\/div><\/div><div class=\"g-cols wpb_row via_flex valign_top type_default stacking_default\"><div class=\"vc_col-sm-4 wpb_column vc_column_container\"><div class=\"vc_column-inner\"><div class=\"wpb_wrapper\"><div class=\"w-separator size_custom\" style=\"height:32px\"><\/div><div class=\"w-image align_none\"><a ref=\"magnificPopup\" href=\"https:\/\/www.accademiadentofacciale.it\/adf\/wp-content\/uploads\/2015\/07\/fence_technique_5_h.jpg\" aria-label=\"Fig. 5. Riabilitazione bimascellare: chirurgia guidata nel mascellare inferiore e Fence Technique nel mascellare superiore\" class=\"w-image-h\"><img decoding=\"async\" width=\"1140\" height=\"989\" src=\"https:\/\/www.accademiadentofacciale.it\/adf\/wp-content\/uploads\/2015\/07\/fence_technique_5_h-1280x1110.jpg\" class=\"attachment-large size-large\" alt=\"\" loading=\"lazy\" srcset=\"https:\/\/www.accademiadentofacciale.it\/adf\/wp-content\/uploads\/2015\/07\/fence_technique_5_h.jpg 1280w, https:\/\/www.accademiadentofacciale.it\/adf\/wp-content\/uploads\/2015\/07\/fence_technique_5_h-300x260.jpg 300w\" sizes=\"auto, (max-width: 1140px) 100vw, 1140px\" \/><\/a><\/div><\/div><\/div><\/div><div class=\"vc_col-sm-4 wpb_column vc_column_container\"><div class=\"vc_column-inner\"><div class=\"wpb_wrapper\"><div class=\"w-separator size_custom\" style=\"height:32px\"><\/div><div class=\"w-image align_none\"><a ref=\"magnificPopup\" href=\"https:\/\/www.accademiadentofacciale.it\/adf\/wp-content\/uploads\/2015\/07\/fence_technique_5_i.jpg\" aria-label=\"Fig. 5. Riabilitazione bimascellare: chirurgia guidata nel mascellare inferiore e Fence Technique nel mascellare superiore\" class=\"w-image-h\"><img decoding=\"async\" width=\"1140\" height=\"817\" src=\"https:\/\/www.accademiadentofacciale.it\/adf\/wp-content\/uploads\/2015\/07\/fence_technique_5_i-1280x917.jpg\" class=\"attachment-large size-large\" alt=\"\" loading=\"lazy\" srcset=\"https:\/\/www.accademiadentofacciale.it\/adf\/wp-content\/uploads\/2015\/07\/fence_technique_5_i.jpg 1280w, https:\/\/www.accademiadentofacciale.it\/adf\/wp-content\/uploads\/2015\/07\/fence_technique_5_i-300x215.jpg 300w\" sizes=\"auto, (max-width: 1140px) 100vw, 1140px\" \/><\/a><\/div><\/div><\/div><\/div><div class=\"vc_col-sm-4 wpb_column vc_column_container\"><div class=\"vc_column-inner\"><div class=\"wpb_wrapper\"><div class=\"w-separator size_custom\" style=\"height:32px\"><\/div><div class=\"w-image align_none\"><a ref=\"magnificPopup\" href=\"https:\/\/www.accademiadentofacciale.it\/adf\/wp-content\/uploads\/2015\/07\/fence_technique_5_n.jpg\" aria-label=\"Fig. 5. Riabilitazione bimascellare: chirurgia guidata nel mascellare inferiore e Fence Technique nel mascellare superiore\" class=\"w-image-h\"><img decoding=\"async\" width=\"1140\" height=\"1104\" src=\"https:\/\/www.accademiadentofacciale.it\/adf\/wp-content\/uploads\/2015\/07\/fence_technique_5_n-1280x1240.jpg\" class=\"attachment-large size-large\" alt=\"\" loading=\"lazy\" srcset=\"https:\/\/www.accademiadentofacciale.it\/adf\/wp-content\/uploads\/2015\/07\/fence_technique_5_n.jpg 1280w, https:\/\/www.accademiadentofacciale.it\/adf\/wp-content\/uploads\/2015\/07\/fence_technique_5_n-300x291.jpg 300w\" sizes=\"auto, (max-width: 1140px) 100vw, 1140px\" \/><\/a><\/div><\/div><\/div><\/div><\/div><\/div><\/div><\/div><\/div><\/div><\/section><section class=\"l-section wpb_row height_medium\"><div class=\"l-section-h i-cf\"><div class=\"g-cols vc_row via_flex valign_top type_default stacking_default\"><div class=\"vc_col-sm-12 wpb_column vc_column_container\"><div class=\"vc_column-inner\"><div class=\"wpb_wrapper\"><div class=\"w-video align_none ratio_16x9 has_iframe\"><div class=\"w-video-h\"><iframe title=\"Youtube video player\" src=\"\/\/www.youtube.com\/embed\/YL34SFvjdHw?autoplay=0&controls=1&origin=https:\/\/www.accademiadentofacciale.it\/adf&loop=0&mute=0\" allowfullscreen=\"1\" loading=\"lazy\"><\/iframe><\/div><\/div><\/div><\/div><\/div><\/div><\/div><\/section><section class=\"l-section wpb_row height_medium\"><div class=\"l-section-h i-cf\"><div class=\"g-cols vc_row via_flex valign_top type_default stacking_default\"><div class=\"vc_col-sm-12 wpb_column vc_column_container\"><div class=\"vc_column-inner\"><div class=\"wpb_wrapper\"><div class=\"g-cols wpb_row via_flex valign_top type_default stacking_default\"><div class=\"vc_col-sm-6 wpb_column vc_column_container\"><div class=\"vc_column-inner\"><div class=\"wpb_wrapper\"><div class=\"w-image align_none\"><a ref=\"magnificPopup\" href=\"https:\/\/www.accademiadentofacciale.it\/adf\/wp-content\/uploads\/2015\/07\/fence_technique_5_l.jpg\" aria-label=\"Fig. 5. Riabilitazione bimascellare: chirurgia guidata nel mascellare inferiore e Fence Technique nel mascellare superiore\" class=\"w-image-h\"><img decoding=\"async\" width=\"1140\" height=\"1217\" src=\"https:\/\/www.accademiadentofacciale.it\/adf\/wp-content\/uploads\/2015\/07\/fence_technique_5_l-1199x1280.jpg\" class=\"attachment-large size-large\" alt=\"\" loading=\"lazy\" srcset=\"https:\/\/www.accademiadentofacciale.it\/adf\/wp-content\/uploads\/2015\/07\/fence_technique_5_l-1199x1280.jpg 1199w, https:\/\/www.accademiadentofacciale.it\/adf\/wp-content\/uploads\/2015\/07\/fence_technique_5_l-281x300.jpg 281w, https:\/\/www.accademiadentofacciale.it\/adf\/wp-content\/uploads\/2015\/07\/fence_technique_5_l.jpg 1280w\" sizes=\"auto, (max-width: 1140px) 100vw, 1140px\" \/><\/a><\/div><\/div><\/div><\/div><div class=\"vc_col-sm-6 wpb_column vc_column_container\"><div class=\"vc_column-inner\"><div class=\"wpb_wrapper\"><div class=\"w-image align_none\"><a ref=\"magnificPopup\" href=\"https:\/\/www.accademiadentofacciale.it\/adf\/wp-content\/uploads\/2015\/07\/fence_technique_5_m.jpg\" aria-label=\"Fig. 5. Riabilitazione bimascellare: chirurgia guidata nel mascellare inferiore e Fence Technique nel mascellare superiore\" class=\"w-image-h\"><img decoding=\"async\" width=\"1140\" height=\"717\" src=\"https:\/\/www.accademiadentofacciale.it\/adf\/wp-content\/uploads\/2015\/07\/fence_technique_5_m-1280x805.jpg\" class=\"attachment-large size-large\" alt=\"\" loading=\"lazy\" srcset=\"https:\/\/www.accademiadentofacciale.it\/adf\/wp-content\/uploads\/2015\/07\/fence_technique_5_m.jpg 1280w, https:\/\/www.accademiadentofacciale.it\/adf\/wp-content\/uploads\/2015\/07\/fence_technique_5_m-300x189.jpg 300w\" sizes=\"auto, (max-width: 1140px) 100vw, 1140px\" \/><\/a><\/div><\/div><\/div><\/div><\/div><div class=\"g-cols wpb_row via_flex valign_top type_default stacking_default\"><div class=\"vc_col-sm-4 wpb_column vc_column_container\"><div class=\"vc_column-inner\"><div class=\"wpb_wrapper\"><div class=\"w-separator size_custom\" style=\"height:32px\"><\/div><div class=\"w-image align_none\"><a ref=\"magnificPopup\" href=\"https:\/\/www.accademiadentofacciale.it\/adf\/wp-content\/uploads\/2015\/07\/fence_technique_5_o.jpg\" aria-label=\"Fig. 5. Riabilitazione bimascellare: chirurgia guidata nel mascellare inferiore e Fence Technique nel mascellare superiore\" class=\"w-image-h\"><img decoding=\"async\" width=\"1140\" height=\"723\" src=\"https:\/\/www.accademiadentofacciale.it\/adf\/wp-content\/uploads\/2015\/07\/fence_technique_5_o-1280x812.jpg\" class=\"attachment-large size-large\" alt=\"\" loading=\"lazy\" srcset=\"https:\/\/www.accademiadentofacciale.it\/adf\/wp-content\/uploads\/2015\/07\/fence_technique_5_o.jpg 1280w, https:\/\/www.accademiadentofacciale.it\/adf\/wp-content\/uploads\/2015\/07\/fence_technique_5_o-300x190.jpg 300w\" sizes=\"auto, (max-width: 1140px) 100vw, 1140px\" \/><\/a><\/div><\/div><\/div><\/div><div class=\"vc_col-sm-4 wpb_column vc_column_container\"><div class=\"vc_column-inner\"><div class=\"wpb_wrapper\"><div class=\"w-separator size_custom\" style=\"height:32px\"><\/div><div class=\"w-image align_none\"><a ref=\"magnificPopup\" href=\"https:\/\/www.accademiadentofacciale.it\/adf\/wp-content\/uploads\/2015\/07\/fence_technique_5_p.jpg\" aria-label=\"Fig. 5. Riabilitazione bimascellare: chirurgia guidata nel mascellare inferiore e Fence Technique nel mascellare superiore\" class=\"w-image-h\"><img decoding=\"async\" width=\"1140\" height=\"811\" src=\"https:\/\/www.accademiadentofacciale.it\/adf\/wp-content\/uploads\/2015\/07\/fence_technique_5_p-1280x911.jpg\" class=\"attachment-large size-large\" alt=\"\" loading=\"lazy\" srcset=\"https:\/\/www.accademiadentofacciale.it\/adf\/wp-content\/uploads\/2015\/07\/fence_technique_5_p.jpg 1280w, https:\/\/www.accademiadentofacciale.it\/adf\/wp-content\/uploads\/2015\/07\/fence_technique_5_p-300x214.jpg 300w\" sizes=\"auto, (max-width: 1140px) 100vw, 1140px\" \/><\/a><\/div><\/div><\/div><\/div><div class=\"vc_col-sm-4 wpb_column vc_column_container\"><div class=\"vc_column-inner\"><div class=\"wpb_wrapper\"><div class=\"w-separator size_custom\" style=\"height:32px\"><\/div><div class=\"w-image align_none\"><a ref=\"magnificPopup\" href=\"https:\/\/www.accademiadentofacciale.it\/adf\/wp-content\/uploads\/2015\/07\/fence_technique_5_q.jpg\" aria-label=\"Fig. 5. Riabilitazione bimascellare: chirurgia guidata nel mascellare inferiore e Fence Technique nel mascellare superiore\" class=\"w-image-h\"><img decoding=\"async\" width=\"1140\" height=\"760\" src=\"https:\/\/www.accademiadentofacciale.it\/adf\/wp-content\/uploads\/2015\/07\/fence_technique_5_q-1280x853.jpg\" class=\"attachment-large size-large\" alt=\"\" loading=\"lazy\" srcset=\"https:\/\/www.accademiadentofacciale.it\/adf\/wp-content\/uploads\/2015\/07\/fence_technique_5_q.jpg 1280w, https:\/\/www.accademiadentofacciale.it\/adf\/wp-content\/uploads\/2015\/07\/fence_technique_5_q-300x200.jpg 300w\" sizes=\"auto, (max-width: 1140px) 100vw, 1140px\" \/><\/a><\/div><\/div><\/div><\/div><\/div><div class=\"g-cols wpb_row via_flex valign_top type_default stacking_default\"><div class=\"vc_col-sm-4 wpb_column vc_column_container\"><div class=\"vc_column-inner\"><div class=\"wpb_wrapper\"><div class=\"w-separator size_custom\" style=\"height:32px\"><\/div><div class=\"w-image align_none\"><a ref=\"magnificPopup\" href=\"https:\/\/www.accademiadentofacciale.it\/adf\/wp-content\/uploads\/2015\/07\/fence_technique_5_r.jpg\" aria-label=\"Fig. 5. Riabilitazione bimascellare: chirurgia guidata nel mascellare inferiore e Fence Technique nel mascellare superiore\" class=\"w-image-h\"><img decoding=\"async\" width=\"1140\" height=\"815\" src=\"https:\/\/www.accademiadentofacciale.it\/adf\/wp-content\/uploads\/2015\/07\/fence_technique_5_r-1280x915.jpg\" class=\"attachment-large size-large\" alt=\"\" loading=\"lazy\" srcset=\"https:\/\/www.accademiadentofacciale.it\/adf\/wp-content\/uploads\/2015\/07\/fence_technique_5_r.jpg 1280w, https:\/\/www.accademiadentofacciale.it\/adf\/wp-content\/uploads\/2015\/07\/fence_technique_5_r-300x214.jpg 300w\" sizes=\"auto, (max-width: 1140px) 100vw, 1140px\" \/><\/a><\/div><\/div><\/div><\/div><div class=\"vc_col-sm-4 wpb_column vc_column_container\"><div class=\"vc_column-inner\"><div class=\"wpb_wrapper\"><div class=\"w-separator size_custom\" style=\"height:32px\"><\/div><div class=\"w-image align_none\"><a ref=\"magnificPopup\" href=\"https:\/\/www.accademiadentofacciale.it\/adf\/wp-content\/uploads\/2015\/07\/fence_technique_5_s.jpg\" aria-label=\"Fig. 5. Riabilitazione bimascellare: chirurgia guidata nel mascellare inferiore e Fence Technique nel mascellare superiore\" class=\"w-image-h\"><img decoding=\"async\" width=\"1140\" height=\"756\" src=\"https:\/\/www.accademiadentofacciale.it\/adf\/wp-content\/uploads\/2015\/07\/fence_technique_5_s-1280x849.jpg\" class=\"attachment-large size-large\" alt=\"\" loading=\"lazy\" srcset=\"https:\/\/www.accademiadentofacciale.it\/adf\/wp-content\/uploads\/2015\/07\/fence_technique_5_s.jpg 1280w, https:\/\/www.accademiadentofacciale.it\/adf\/wp-content\/uploads\/2015\/07\/fence_technique_5_s-300x199.jpg 300w\" sizes=\"auto, (max-width: 1140px) 100vw, 1140px\" \/><\/a><\/div><\/div><\/div><\/div><div class=\"vc_col-sm-4 wpb_column vc_column_container\"><div class=\"vc_column-inner\"><div class=\"wpb_wrapper\"><div class=\"w-separator size_custom\" style=\"height:32px\"><\/div><div class=\"w-image align_none\"><a ref=\"magnificPopup\" href=\"https:\/\/www.accademiadentofacciale.it\/adf\/wp-content\/uploads\/2015\/07\/fence_technique_5_t.jpg\" aria-label=\"Fig. 5. Riabilitazione bimascellare: chirurgia guidata nel mascellare inferiore e Fence Technique nel mascellare superiore\" class=\"w-image-h\"><img decoding=\"async\" width=\"1140\" height=\"1008\" src=\"https:\/\/www.accademiadentofacciale.it\/adf\/wp-content\/uploads\/2015\/07\/fence_technique_5_t-1280x1132.jpg\" class=\"attachment-large size-large\" alt=\"\" loading=\"lazy\" srcset=\"https:\/\/www.accademiadentofacciale.it\/adf\/wp-content\/uploads\/2015\/07\/fence_technique_5_t.jpg 1280w, https:\/\/www.accademiadentofacciale.it\/adf\/wp-content\/uploads\/2015\/07\/fence_technique_5_t-300x265.jpg 300w\" sizes=\"auto, (max-width: 1140px) 100vw, 1140px\" \/><\/a><\/div><\/div><\/div><\/div><\/div><div class=\"g-cols wpb_row via_flex valign_top type_default stacking_default\"><div class=\"vc_col-sm-12 wpb_column vc_column_container\"><div class=\"vc_column-inner\"><div class=\"wpb_wrapper\"><div class=\"w-separator size_custom\" style=\"height:32px\"><\/div><div class=\"w-image align_none\"><a ref=\"magnificPopup\" href=\"https:\/\/www.accademiadentofacciale.it\/adf\/wp-content\/uploads\/2015\/07\/fence_technique_5_u.jpg\" aria-label=\"Fig. 5. Riabilitazione bimascellare: chirurgia guidata nel mascellare inferiore e Fence Technique nel mascellare superiore\" class=\"w-image-h\"><img decoding=\"async\" width=\"1140\" height=\"472\" src=\"https:\/\/www.accademiadentofacciale.it\/adf\/wp-content\/uploads\/2015\/07\/fence_technique_5_u-1280x530.jpg\" class=\"attachment-large size-large\" alt=\"\" loading=\"lazy\" srcset=\"https:\/\/www.accademiadentofacciale.it\/adf\/wp-content\/uploads\/2015\/07\/fence_technique_5_u.jpg 1280w, https:\/\/www.accademiadentofacciale.it\/adf\/wp-content\/uploads\/2015\/07\/fence_technique_5_u-300x124.jpg 300w\" sizes=\"auto, (max-width: 1140px) 100vw, 1140px\" \/><\/a><\/div><\/div><\/div><\/div><\/div><\/div><\/div><\/div><\/div><\/div><\/section><section class=\"l-section wpb_row height_medium\"><div class=\"l-section-h i-cf\"><div class=\"g-cols vc_row via_flex valign_top type_default stacking_default\"><div class=\"vc_col-sm-12 wpb_column vc_column_container\"><div class=\"vc_column-inner\"><div class=\"wpb_wrapper\"><div class=\"wpb_text_column\"><div class=\"wpb_wrapper\"><p>A distanza di 2 settimane dall&#8217;intervento chirurgico sono state rimosse le suture. Quindi, dopo un&#8217;ulteriore settimana, si \u00e8 provveduto alla fase di riadattamento e ribasatura con resina soffice della protesi totale. Al soggetto \u00e8 stato raccomandato di indossare la protesi per il minor numero possibile di ore per le successive 3 settimane (Fig. 6).<\/p>\n<\/div><\/div><div class=\"wpb_text_column\"><div class=\"wpb_wrapper\"><h6>Fig. 6. Riabilitazione bimascellare: valutazione della guarigione a distanza di 2 mesi<\/h6>\n<\/div><\/div><div class=\"g-cols wpb_row via_flex valign_top type_default stacking_default\"><div class=\"vc_col-sm-4 wpb_column vc_column_container\"><div class=\"vc_column-inner\"><div class=\"wpb_wrapper\"><div class=\"w-image align_none\"><a ref=\"magnificPopup\" href=\"https:\/\/www.accademiadentofacciale.it\/adf\/wp-content\/uploads\/2015\/07\/fence_technique_6_a.jpg\" aria-label=\"Fig. 6. Riabilitazione bimascellare: valutazione della guarigione a distanza di 2 mesi\" class=\"w-image-h\"><img decoding=\"async\" width=\"836\" height=\"1280\" src=\"https:\/\/www.accademiadentofacciale.it\/adf\/wp-content\/uploads\/2015\/07\/fence_technique_6_a-836x1280.jpg\" class=\"attachment-large size-large\" alt=\"\" loading=\"lazy\" srcset=\"https:\/\/www.accademiadentofacciale.it\/adf\/wp-content\/uploads\/2015\/07\/fence_technique_6_a-836x1280.jpg 836w, https:\/\/www.accademiadentofacciale.it\/adf\/wp-content\/uploads\/2015\/07\/fence_technique_6_a-196x300.jpg 196w, https:\/\/www.accademiadentofacciale.it\/adf\/wp-content\/uploads\/2015\/07\/fence_technique_6_a.jpg 1280w\" sizes=\"auto, (max-width: 836px) 100vw, 836px\" \/><\/a><\/div><\/div><\/div><\/div><div class=\"vc_col-sm-4 wpb_column vc_column_container\"><div class=\"vc_column-inner\"><div class=\"wpb_wrapper\"><div class=\"w-image align_none\"><a ref=\"magnificPopup\" href=\"https:\/\/www.accademiadentofacciale.it\/adf\/wp-content\/uploads\/2015\/07\/fence_technique_6_b.jpg\" aria-label=\"Fig. 6. Riabilitazione bimascellare: valutazione della guarigione a distanza di 2 mesi\" class=\"w-image-h\"><img decoding=\"async\" width=\"1140\" height=\"734\" src=\"https:\/\/www.accademiadentofacciale.it\/adf\/wp-content\/uploads\/2015\/07\/fence_technique_6_b-1280x824.jpg\" class=\"attachment-large size-large\" alt=\"\" loading=\"lazy\" srcset=\"https:\/\/www.accademiadentofacciale.it\/adf\/wp-content\/uploads\/2015\/07\/fence_technique_6_b.jpg 1280w, https:\/\/www.accademiadentofacciale.it\/adf\/wp-content\/uploads\/2015\/07\/fence_technique_6_b-300x193.jpg 300w\" sizes=\"auto, (max-width: 1140px) 100vw, 1140px\" \/><\/a><\/div><\/div><\/div><\/div><div class=\"vc_col-sm-4 wpb_column vc_column_container\"><div class=\"vc_column-inner\"><div class=\"wpb_wrapper\"><div class=\"w-image align_none\"><a ref=\"magnificPopup\" href=\"https:\/\/www.accademiadentofacciale.it\/adf\/wp-content\/uploads\/2015\/07\/fence_technique_6_d.jpg\" aria-label=\"Fig. 6. Riabilitazione bimascellare: valutazione della guarigione a distanza di 2 mesi\" class=\"w-image-h\"><img decoding=\"async\" width=\"1140\" height=\"747\" src=\"https:\/\/www.accademiadentofacciale.it\/adf\/wp-content\/uploads\/2015\/07\/fence_technique_6_d-1280x839.jpg\" class=\"attachment-large size-large\" alt=\"\" loading=\"lazy\" srcset=\"https:\/\/www.accademiadentofacciale.it\/adf\/wp-content\/uploads\/2015\/07\/fence_technique_6_d.jpg 1280w, https:\/\/www.accademiadentofacciale.it\/adf\/wp-content\/uploads\/2015\/07\/fence_technique_6_d-300x197.jpg 300w\" sizes=\"auto, (max-width: 1140px) 100vw, 1140px\" \/><\/a><\/div><div class=\"w-image align_none\"><a ref=\"magnificPopup\" href=\"https:\/\/www.accademiadentofacciale.it\/adf\/wp-content\/uploads\/2015\/07\/fence_technique_6_c.jpg\" aria-label=\"Fig. 6. Riabilitazione bimascellare: valutazione della guarigione a distanza di 2 mesi\" class=\"w-image-h\"><img decoding=\"async\" width=\"1140\" height=\"576\" src=\"https:\/\/www.accademiadentofacciale.it\/adf\/wp-content\/uploads\/2015\/07\/fence_technique_6_c-1280x647.jpg\" class=\"attachment-large size-large\" alt=\"\" loading=\"lazy\" srcset=\"https:\/\/www.accademiadentofacciale.it\/adf\/wp-content\/uploads\/2015\/07\/fence_technique_6_c.jpg 1280w, https:\/\/www.accademiadentofacciale.it\/adf\/wp-content\/uploads\/2015\/07\/fence_technique_6_c-300x152.jpg 300w\" sizes=\"auto, (max-width: 1140px) 100vw, 1140px\" \/><\/a><\/div><\/div><\/div><\/div><\/div><\/div><\/div><\/div><\/div><\/div><\/section><section class=\"l-section wpb_row height_medium\"><div class=\"l-section-h i-cf\"><div class=\"g-cols vc_row via_flex valign_top type_default stacking_default\"><div class=\"vc_col-sm-12 wpb_column vc_column_container\"><div class=\"vc_column-inner\"><div class=\"wpb_wrapper\"><div class=\"wpb_text_column\"><div class=\"wpb_wrapper\"><p>A distanza di 8 mesi dalla ricostruzione tridimensionale del mascellare superiore, dopo aver effettuato una CBCT (Fig. 7) per pianificare la chirurgia implantare, si \u00e8 provveduto alle inserzioni. La quantit\u00e0 di osso disponibile rendeva agevole ottenere una corretta posizione protesicamente guidata, tuttavia la qualit\u00e0 dell&#8217;osso rigenerato in corrispondenza del sito 2.3 risultava inadeguata per un carico immediato. Per tale ragione si \u00e8 preferito mantenere questo impianto escluso dal carico funzionale (Fig. 8).<\/p>\n<\/div><\/div><div class=\"wpb_text_column\"><div class=\"wpb_wrapper\"><h6>Fig. 7. Riabilitazione bimascellare: valutazione radiografica tridimensionale della rigenerazione ottenuta mediante la <em>Fence Technique<\/em><\/h6>\n<\/div><\/div><div class=\"g-cols wpb_row via_flex valign_top type_default stacking_default\"><div class=\"vc_col-sm-6 wpb_column vc_column_container\"><div class=\"vc_column-inner\"><div class=\"wpb_wrapper\"><div class=\"w-image align_none\"><a ref=\"magnificPopup\" href=\"https:\/\/www.accademiadentofacciale.it\/adf\/wp-content\/uploads\/2015\/07\/fence_technique_7_a.jpg\" aria-label=\"Fig. 7. Riabilitazione bimascellare: valutazione radiografica tridimensionale della rigenerazione ottenuta mediante la Fence Technique\" class=\"w-image-h\"><img decoding=\"async\" width=\"1140\" height=\"392\" src=\"https:\/\/www.accademiadentofacciale.it\/adf\/wp-content\/uploads\/2015\/07\/fence_technique_7_a-1280x440.jpg\" class=\"attachment-large size-large\" alt=\"\" loading=\"lazy\" srcset=\"https:\/\/www.accademiadentofacciale.it\/adf\/wp-content\/uploads\/2015\/07\/fence_technique_7_a.jpg 1280w, https:\/\/www.accademiadentofacciale.it\/adf\/wp-content\/uploads\/2015\/07\/fence_technique_7_a-300x103.jpg 300w\" sizes=\"auto, (max-width: 1140px) 100vw, 1140px\" \/><\/a><\/div><div class=\"w-separator size_custom\" style=\"height:32px\"><\/div><div class=\"w-image align_none\"><a ref=\"magnificPopup\" href=\"https:\/\/www.accademiadentofacciale.it\/adf\/wp-content\/uploads\/2015\/07\/fence_technique_7_b.jpg\" aria-label=\"Fig. 7. Riabilitazione bimascellare: valutazione radiografica tridimensionale della rigenerazione ottenuta mediante la Fence Technique\" class=\"w-image-h\"><img decoding=\"async\" width=\"1140\" height=\"392\" src=\"https:\/\/www.accademiadentofacciale.it\/adf\/wp-content\/uploads\/2015\/07\/fence_technique_7_b-1280x440.jpg\" class=\"attachment-large size-large\" alt=\"\" loading=\"lazy\" srcset=\"https:\/\/www.accademiadentofacciale.it\/adf\/wp-content\/uploads\/2015\/07\/fence_technique_7_b.jpg 1280w, https:\/\/www.accademiadentofacciale.it\/adf\/wp-content\/uploads\/2015\/07\/fence_technique_7_b-300x103.jpg 300w\" sizes=\"auto, (max-width: 1140px) 100vw, 1140px\" \/><\/a><\/div><div class=\"w-separator size_custom\" style=\"height:32px\"><\/div><div class=\"w-image align_none\"><a ref=\"magnificPopup\" href=\"https:\/\/www.accademiadentofacciale.it\/adf\/wp-content\/uploads\/2015\/07\/fence_technique_7_c.jpg\" aria-label=\"Fig. 7. Riabilitazione bimascellare: valutazione radiografica tridimensionale della rigenerazione ottenuta mediante la Fence Technique\" class=\"w-image-h\"><img decoding=\"async\" width=\"1140\" height=\"392\" src=\"https:\/\/www.accademiadentofacciale.it\/adf\/wp-content\/uploads\/2015\/07\/fence_technique_7_c-1280x440.jpg\" class=\"attachment-large size-large\" alt=\"\" loading=\"lazy\" srcset=\"https:\/\/www.accademiadentofacciale.it\/adf\/wp-content\/uploads\/2015\/07\/fence_technique_7_c.jpg 1280w, https:\/\/www.accademiadentofacciale.it\/adf\/wp-content\/uploads\/2015\/07\/fence_technique_7_c-300x103.jpg 300w\" sizes=\"auto, (max-width: 1140px) 100vw, 1140px\" \/><\/a><\/div><\/div><\/div><\/div><div class=\"vc_col-sm-6 wpb_column vc_column_container\"><div class=\"vc_column-inner\"><div class=\"wpb_wrapper\"><div class=\"w-image align_none\"><a ref=\"magnificPopup\" href=\"https:\/\/www.accademiadentofacciale.it\/adf\/wp-content\/uploads\/2015\/07\/fence_technique_7_d.jpg\" aria-label=\"Fig. 7. Riabilitazione bimascellare: valutazione radiografica tridimensionale della rigenerazione ottenuta mediante la Fence Technique\" class=\"w-image-h\"><img decoding=\"async\" width=\"1140\" height=\"642\" src=\"https:\/\/www.accademiadentofacciale.it\/adf\/wp-content\/uploads\/2015\/07\/fence_technique_7_d-1280x721.jpg\" class=\"attachment-large size-large\" alt=\"\" loading=\"lazy\" srcset=\"https:\/\/www.accademiadentofacciale.it\/adf\/wp-content\/uploads\/2015\/07\/fence_technique_7_d.jpg 1280w, https:\/\/www.accademiadentofacciale.it\/adf\/wp-content\/uploads\/2015\/07\/fence_technique_7_d-300x169.jpg 300w\" sizes=\"auto, (max-width: 1140px) 100vw, 1140px\" \/><\/a><\/div><div class=\"w-separator size_custom\" style=\"height:32px\"><\/div><div class=\"w-image align_none\"><a ref=\"magnificPopup\" href=\"https:\/\/www.accademiadentofacciale.it\/adf\/wp-content\/uploads\/2015\/07\/fence_technique_7_e.jpg\" aria-label=\"Fig. 7. Riabilitazione bimascellare: valutazione radiografica tridimensionale della rigenerazione ottenuta mediante la Fence Technique\" class=\"w-image-h\"><img decoding=\"async\" width=\"1140\" height=\"743\" src=\"https:\/\/www.accademiadentofacciale.it\/adf\/wp-content\/uploads\/2015\/07\/fence_technique_7_e-1280x834.jpg\" class=\"attachment-large size-large\" alt=\"\" loading=\"lazy\" srcset=\"https:\/\/www.accademiadentofacciale.it\/adf\/wp-content\/uploads\/2015\/07\/fence_technique_7_e.jpg 1280w, https:\/\/www.accademiadentofacciale.it\/adf\/wp-content\/uploads\/2015\/07\/fence_technique_7_e-300x195.jpg 300w\" sizes=\"auto, (max-width: 1140px) 100vw, 1140px\" \/><\/a><\/div><\/div><\/div><\/div><\/div><\/div><\/div><\/div><\/div><\/div><\/section><section class=\"l-section wpb_row height_medium\"><div class=\"l-section-h i-cf\"><div class=\"g-cols vc_row via_flex valign_top type_default stacking_default\"><div class=\"vc_col-sm-12 wpb_column vc_column_container\"><div class=\"vc_column-inner\"><div class=\"wpb_wrapper\"><div class=\"w-video align_none ratio_16x9 has_iframe\"><div class=\"w-video-h\"><iframe title=\"Youtube video player\" src=\"\/\/www.youtube.com\/embed\/0xRyb8H3qIM?autoplay=0&controls=1&origin=https:\/\/www.accademiadentofacciale.it\/adf&loop=0&mute=0\" allowfullscreen=\"1\" loading=\"lazy\"><\/iframe><\/div><\/div><\/div><\/div><\/div><\/div><\/div><\/section><section class=\"l-section wpb_row height_medium\"><div class=\"l-section-h i-cf\"><div class=\"g-cols vc_row via_flex valign_top type_default stacking_default\"><div class=\"vc_col-sm-12 wpb_column vc_column_container\"><div class=\"vc_column-inner\"><div class=\"wpb_wrapper\"><div class=\"wpb_text_column\"><div class=\"wpb_wrapper\"><h6>Fig. 8. Riabilitazione bimascellare: inserzione degli impianti nel mascellare superiore<\/h6>\n<\/div><\/div><div class=\"g-cols wpb_row via_flex valign_top type_default stacking_default\"><div class=\"vc_col-sm-4 wpb_column vc_column_container\"><div class=\"vc_column-inner\"><div class=\"wpb_wrapper\"><div class=\"w-image align_none\"><a ref=\"magnificPopup\" href=\"https:\/\/www.accademiadentofacciale.it\/adf\/wp-content\/uploads\/2015\/07\/fence_technique_8_a.jpg\" aria-label=\"Fig. 8. Riabilitazione bimascellare: inserzione degli impianti nel mascellare superiore\" class=\"w-image-h\"><img decoding=\"async\" width=\"1140\" height=\"765\" src=\"https:\/\/www.accademiadentofacciale.it\/adf\/wp-content\/uploads\/2015\/07\/fence_technique_8_a-1280x859.jpg\" class=\"attachment-large size-large\" alt=\"\" loading=\"lazy\" srcset=\"https:\/\/www.accademiadentofacciale.it\/adf\/wp-content\/uploads\/2015\/07\/fence_technique_8_a.jpg 1280w, https:\/\/www.accademiadentofacciale.it\/adf\/wp-content\/uploads\/2015\/07\/fence_technique_8_a-300x201.jpg 300w\" sizes=\"auto, (max-width: 1140px) 100vw, 1140px\" \/><\/a><\/div><\/div><\/div><\/div><div class=\"vc_col-sm-4 wpb_column vc_column_container\"><div class=\"vc_column-inner\"><div class=\"wpb_wrapper\"><div class=\"w-image align_none\"><a ref=\"magnificPopup\" href=\"https:\/\/www.accademiadentofacciale.it\/adf\/wp-content\/uploads\/2015\/07\/fence_technique_8_b.jpg\" aria-label=\"Fig. 8. Riabilitazione bimascellare: inserzione degli impianti nel mascellare superiore\" class=\"w-image-h\"><img decoding=\"async\" width=\"1140\" height=\"762\" src=\"https:\/\/www.accademiadentofacciale.it\/adf\/wp-content\/uploads\/2015\/07\/fence_technique_8_b-1280x856.jpg\" class=\"attachment-large size-large\" alt=\"\" loading=\"lazy\" srcset=\"https:\/\/www.accademiadentofacciale.it\/adf\/wp-content\/uploads\/2015\/07\/fence_technique_8_b.jpg 1280w, https:\/\/www.accademiadentofacciale.it\/adf\/wp-content\/uploads\/2015\/07\/fence_technique_8_b-300x201.jpg 300w\" sizes=\"auto, (max-width: 1140px) 100vw, 1140px\" \/><\/a><\/div><\/div><\/div><\/div><div class=\"vc_col-sm-4 wpb_column vc_column_container\"><div class=\"vc_column-inner\"><div class=\"wpb_wrapper\"><div class=\"w-image align_none\"><a ref=\"magnificPopup\" href=\"https:\/\/www.accademiadentofacciale.it\/adf\/wp-content\/uploads\/2015\/07\/fence_technique_8_c.jpg\" aria-label=\"Fig. 8. Riabilitazione bimascellare: inserzione degli impianti nel mascellare superiore\" class=\"w-image-h\"><img decoding=\"async\" width=\"1140\" height=\"833\" src=\"https:\/\/www.accademiadentofacciale.it\/adf\/wp-content\/uploads\/2015\/07\/fence_technique_8_c-1280x935.jpg\" class=\"attachment-large size-large\" alt=\"\" loading=\"lazy\" srcset=\"https:\/\/www.accademiadentofacciale.it\/adf\/wp-content\/uploads\/2015\/07\/fence_technique_8_c.jpg 1280w, https:\/\/www.accademiadentofacciale.it\/adf\/wp-content\/uploads\/2015\/07\/fence_technique_8_c-300x219.jpg 300w\" sizes=\"auto, (max-width: 1140px) 100vw, 1140px\" \/><\/a><\/div><\/div><\/div><\/div><\/div><div class=\"g-cols wpb_row via_flex valign_top type_default stacking_default\"><div class=\"vc_col-sm-4 wpb_column vc_column_container\"><div class=\"vc_column-inner\"><div class=\"wpb_wrapper\"><div class=\"w-separator size_custom\" style=\"height:32px\"><\/div><div class=\"w-image align_none\"><a ref=\"magnificPopup\" href=\"https:\/\/www.accademiadentofacciale.it\/adf\/wp-content\/uploads\/2015\/07\/fence_technique_8_d.jpg\" aria-label=\"Fig. 8. Riabilitazione bimascellare: inserzione degli impianti nel mascellare superiore\" class=\"w-image-h\"><img decoding=\"async\" width=\"1140\" height=\"695\" src=\"https:\/\/www.accademiadentofacciale.it\/adf\/wp-content\/uploads\/2015\/07\/fence_technique_8_d-1280x780.jpg\" class=\"attachment-large size-large\" alt=\"\" loading=\"lazy\" srcset=\"https:\/\/www.accademiadentofacciale.it\/adf\/wp-content\/uploads\/2015\/07\/fence_technique_8_d.jpg 1280w, https:\/\/www.accademiadentofacciale.it\/adf\/wp-content\/uploads\/2015\/07\/fence_technique_8_d-300x183.jpg 300w\" sizes=\"auto, (max-width: 1140px) 100vw, 1140px\" \/><\/a><\/div><div class=\"w-separator size_custom\" style=\"height:32px\"><\/div><div class=\"w-image align_none\"><a ref=\"magnificPopup\" href=\"https:\/\/www.accademiadentofacciale.it\/adf\/wp-content\/uploads\/2015\/07\/fence_technique_8_e.jpg\" aria-label=\"Fig. 8. Riabilitazione bimascellare: inserzione degli impianti nel mascellare superiore\" class=\"w-image-h\"><img decoding=\"async\" width=\"1140\" height=\"738\" src=\"https:\/\/www.accademiadentofacciale.it\/adf\/wp-content\/uploads\/2015\/07\/fence_technique_8_e-1280x829.jpg\" class=\"attachment-large size-large\" alt=\"\" loading=\"lazy\" srcset=\"https:\/\/www.accademiadentofacciale.it\/adf\/wp-content\/uploads\/2015\/07\/fence_technique_8_e.jpg 1280w, https:\/\/www.accademiadentofacciale.it\/adf\/wp-content\/uploads\/2015\/07\/fence_technique_8_e-300x194.jpg 300w\" sizes=\"auto, (max-width: 1140px) 100vw, 1140px\" \/><\/a><\/div><\/div><\/div><\/div><div class=\"vc_col-sm-4 wpb_column vc_column_container\"><div class=\"vc_column-inner\"><div class=\"wpb_wrapper\"><div class=\"w-separator size_custom\" style=\"height:32px\"><\/div><div class=\"w-image align_none\"><a ref=\"magnificPopup\" href=\"https:\/\/www.accademiadentofacciale.it\/adf\/wp-content\/uploads\/2015\/07\/fence_technique_8_f.jpg\" aria-label=\"Fig. 8. Riabilitazione bimascellare: inserzione degli impianti nel mascellare superiore\" class=\"w-image-h\"><img decoding=\"async\" width=\"875\" height=\"1280\" src=\"https:\/\/www.accademiadentofacciale.it\/adf\/wp-content\/uploads\/2015\/07\/fence_technique_8_f-875x1280.jpg\" class=\"attachment-large size-large\" alt=\"\" loading=\"lazy\" srcset=\"https:\/\/www.accademiadentofacciale.it\/adf\/wp-content\/uploads\/2015\/07\/fence_technique_8_f-875x1280.jpg 875w, https:\/\/www.accademiadentofacciale.it\/adf\/wp-content\/uploads\/2015\/07\/fence_technique_8_f-205x300.jpg 205w, https:\/\/www.accademiadentofacciale.it\/adf\/wp-content\/uploads\/2015\/07\/fence_technique_8_f.jpg 1280w\" sizes=\"auto, (max-width: 875px) 100vw, 875px\" \/><\/a><\/div><\/div><\/div><\/div><div class=\"vc_col-sm-4 wpb_column vc_column_container\"><div class=\"vc_column-inner\"><div class=\"wpb_wrapper\"><div class=\"w-separator size_custom\" style=\"height:32px\"><\/div><div class=\"w-image align_none\"><a ref=\"magnificPopup\" href=\"https:\/\/www.accademiadentofacciale.it\/adf\/wp-content\/uploads\/2015\/07\/fence_technique_8_g.jpg\" aria-label=\"Fig. 8. Riabilitazione bimascellare: inserzione degli impianti nel mascellare superiore\" class=\"w-image-h\"><img decoding=\"async\" width=\"1140\" height=\"763\" src=\"https:\/\/www.accademiadentofacciale.it\/adf\/wp-content\/uploads\/2015\/07\/fence_technique_8_g-1280x857.jpg\" class=\"attachment-large size-large\" alt=\"\" loading=\"lazy\" srcset=\"https:\/\/www.accademiadentofacciale.it\/adf\/wp-content\/uploads\/2015\/07\/fence_technique_8_g.jpg 1280w, https:\/\/www.accademiadentofacciale.it\/adf\/wp-content\/uploads\/2015\/07\/fence_technique_8_g-300x201.jpg 300w\" sizes=\"auto, (max-width: 1140px) 100vw, 1140px\" \/><\/a><\/div><\/div><\/div><\/div><\/div><\/div><\/div><\/div><\/div><\/div><\/section><section class=\"l-section wpb_row height_medium\"><div class=\"l-section-h i-cf\"><div class=\"g-cols vc_row via_flex valign_top type_default stacking_default\"><div class=\"vc_col-sm-12 wpb_column vc_column_container\"><div class=\"vc_column-inner\"><div class=\"wpb_wrapper\"><div class=\"wpb_text_column\"><div class=\"wpb_wrapper\"><p>Dopo aver ottenuto un risultato estetico e funzionale ritenuto soddisfacente dal paziente e dal <em>team<\/em> e dopo aver verificato la qualit\u00e0 della guarigione mediante un&#8217;attenta rivalutazione (Fig. 9), \u00e8 stato possibile iniziare la fase protesica definitiva.<\/p>\n<\/div><\/div><div class=\"wpb_text_column\"><div class=\"wpb_wrapper\"><h6>Fig. 9. Riabilitazione bimascellare: guarigione dei tessuti perimplantari<\/h6>\n<\/div><\/div><div class=\"g-cols wpb_row via_flex valign_top type_default stacking_default\"><div class=\"vc_col-sm-6 wpb_column vc_column_container\"><div class=\"vc_column-inner\"><div class=\"wpb_wrapper\"><div class=\"w-image align_none\"><a ref=\"magnificPopup\" href=\"https:\/\/www.accademiadentofacciale.it\/adf\/wp-content\/uploads\/2015\/07\/fence_technique_9_a.jpg\" aria-label=\"Fig. 9. Riabilitazione bimascellare: guarigione dei tessuti perimplantari\" class=\"w-image-h\"><img decoding=\"async\" width=\"1140\" height=\"632\" src=\"https:\/\/www.accademiadentofacciale.it\/adf\/wp-content\/uploads\/2015\/07\/fence_technique_9_a-1280x710.jpg\" class=\"attachment-large size-large\" alt=\"\" loading=\"lazy\" srcset=\"https:\/\/www.accademiadentofacciale.it\/adf\/wp-content\/uploads\/2015\/07\/fence_technique_9_a.jpg 1280w, https:\/\/www.accademiadentofacciale.it\/adf\/wp-content\/uploads\/2015\/07\/fence_technique_9_a-300x166.jpg 300w\" sizes=\"auto, (max-width: 1140px) 100vw, 1140px\" \/><\/a><\/div><div class=\"w-separator size_custom\" style=\"height:32px\"><\/div><div class=\"w-image align_none\"><a ref=\"magnificPopup\" href=\"https:\/\/www.accademiadentofacciale.it\/adf\/wp-content\/uploads\/2015\/07\/fence_technique_9_c.jpg\" aria-label=\"Fig. 9. Riabilitazione bimascellare: guarigione dei tessuti perimplantari\" class=\"w-image-h\"><img decoding=\"async\" width=\"1140\" height=\"504\" src=\"https:\/\/www.accademiadentofacciale.it\/adf\/wp-content\/uploads\/2015\/07\/fence_technique_9_c-1280x566.jpg\" class=\"attachment-large size-large\" alt=\"\" loading=\"lazy\" srcset=\"https:\/\/www.accademiadentofacciale.it\/adf\/wp-content\/uploads\/2015\/07\/fence_technique_9_c.jpg 1280w, https:\/\/www.accademiadentofacciale.it\/adf\/wp-content\/uploads\/2015\/07\/fence_technique_9_c-300x133.jpg 300w\" sizes=\"auto, (max-width: 1140px) 100vw, 1140px\" \/><\/a><\/div><\/div><\/div><\/div><div class=\"vc_col-sm-6 wpb_column vc_column_container\"><div class=\"vc_column-inner\"><div class=\"wpb_wrapper\"><div class=\"w-image align_none\"><a ref=\"magnificPopup\" href=\"https:\/\/www.accademiadentofacciale.it\/adf\/wp-content\/uploads\/2015\/07\/fence_technique_9_b.jpg\" aria-label=\"Fig. 9. Riabilitazione bimascellare: guarigione dei tessuti perimplantari\" class=\"w-image-h\"><img decoding=\"async\" width=\"1140\" height=\"757\" src=\"https:\/\/www.accademiadentofacciale.it\/adf\/wp-content\/uploads\/2015\/07\/fence_technique_9_b-1280x850.jpg\" class=\"attachment-large size-large\" alt=\"\" loading=\"lazy\" srcset=\"https:\/\/www.accademiadentofacciale.it\/adf\/wp-content\/uploads\/2015\/07\/fence_technique_9_b.jpg 1280w, https:\/\/www.accademiadentofacciale.it\/adf\/wp-content\/uploads\/2015\/07\/fence_technique_9_b-300x199.jpg 300w\" sizes=\"auto, (max-width: 1140px) 100vw, 1140px\" \/><\/a><\/div><div class=\"w-separator size_custom\" style=\"height:32px\"><\/div><div class=\"w-image align_none\"><a ref=\"magnificPopup\" href=\"https:\/\/www.accademiadentofacciale.it\/adf\/wp-content\/uploads\/2015\/07\/fence_technique_9_d.jpg\" aria-label=\"Fig. 9. Riabilitazione bimascellare: guarigione dei tessuti perimplantari\" class=\"w-image-h\"><img decoding=\"async\" width=\"1140\" height=\"509\" src=\"https:\/\/www.accademiadentofacciale.it\/adf\/wp-content\/uploads\/2015\/07\/fence_technique_9_d-1280x572.jpg\" class=\"attachment-large size-large\" alt=\"\" loading=\"lazy\" srcset=\"https:\/\/www.accademiadentofacciale.it\/adf\/wp-content\/uploads\/2015\/07\/fence_technique_9_d.jpg 1280w, https:\/\/www.accademiadentofacciale.it\/adf\/wp-content\/uploads\/2015\/07\/fence_technique_9_d-300x134.jpg 300w\" sizes=\"auto, (max-width: 1140px) 100vw, 1140px\" \/><\/a><\/div><\/div><\/div><\/div><\/div><\/div><\/div><\/div><\/div><\/div><\/section><section class=\"l-section wpb_row height_medium\"><div class=\"l-section-h i-cf\"><div class=\"g-cols vc_row via_flex valign_top type_default stacking_default\"><div class=\"vc_col-sm-12 wpb_column vc_column_container\"><div class=\"vc_column-inner\"><div class=\"wpb_wrapper\"><div class=\"wpb_text_column\"><div class=\"wpb_wrapper\"><p>La fase protesica definitiva ha previsto quattro tappe:<\/p>\n<ul>\n<li>impronte definitive<\/li>\n<li>prova delle strutture<\/li>\n<li>prova estetica<\/li>\n<li>consegna del manufatto<\/li>\n<\/ul>\n<p>Durante la prima fase (Fig. 10) si registrano i rapporti intermascellari con i provvisori gi\u00e0 funzionalizzati ed eventualmente modificati durante il periodo di valutazione. Questi verranno avvitati sui modelli master per riprodurre la dimensione verticale raggiunta e personalizzare l&#8217;asta incisale dell&#8217;articolatore in relazione alle guide dinamiche rilevate mediante l&#8217;anatomia dei provvisori. Durante la fase clinica si rileva una cera in occlusione abituale che potr\u00e0 contribuire a stabilizzare i modelli con i provvisori, facilitando il montaggio in articolatore.<\/p>\n<p>La registrazione dei dati per il trasferimento dei modelli in articolatore pu\u00f2 essere effettuata a valori medi (impostando in maniera predefinita le ceste condilari dell&#8217;articolatore) oppure a valori individuali (registrazione individuale delle determinanti articolari posteriori), per esempio mediante tecnica ultrasonica con <em>ARCUS<\/em><em>digma II.<\/em><\/p>\n<\/div><\/div><div class=\"wpb_text_column\"><div class=\"wpb_wrapper\"><h6>Fig. 10. Riabilitazione bimascellare: impronte definitive<\/h6>\n<\/div><\/div><div class=\"g-cols wpb_row via_flex valign_top type_default stacking_default\"><div class=\"vc_col-sm-6 wpb_column vc_column_container\"><div class=\"vc_column-inner\"><div class=\"wpb_wrapper\"><div class=\"w-image align_none\"><a ref=\"magnificPopup\" href=\"https:\/\/www.accademiadentofacciale.it\/adf\/wp-content\/uploads\/2015\/07\/fence_technique_10_a.jpg\" aria-label=\"Fig. 10. Riabilitazione bimascellare: impronte definitive\" class=\"w-image-h\"><img decoding=\"async\" width=\"1140\" height=\"612\" src=\"https:\/\/www.accademiadentofacciale.it\/adf\/wp-content\/uploads\/2015\/07\/fence_technique_10_a-1280x687.jpg\" class=\"attachment-large size-large\" alt=\"\" loading=\"lazy\" srcset=\"https:\/\/www.accademiadentofacciale.it\/adf\/wp-content\/uploads\/2015\/07\/fence_technique_10_a.jpg 1280w, https:\/\/www.accademiadentofacciale.it\/adf\/wp-content\/uploads\/2015\/07\/fence_technique_10_a-300x161.jpg 300w\" sizes=\"auto, (max-width: 1140px) 100vw, 1140px\" \/><\/a><\/div><\/div><\/div><\/div><div class=\"vc_col-sm-6 wpb_column vc_column_container\"><div class=\"vc_column-inner\"><div class=\"wpb_wrapper\"><div class=\"w-image align_none\"><a ref=\"magnificPopup\" href=\"https:\/\/www.accademiadentofacciale.it\/adf\/wp-content\/uploads\/2015\/07\/fence_technique_10_b.jpg\" aria-label=\"Fig. 10. Riabilitazione bimascellare: impronte definitive\" class=\"w-image-h\"><img decoding=\"async\" width=\"1140\" height=\"763\" src=\"https:\/\/www.accademiadentofacciale.it\/adf\/wp-content\/uploads\/2015\/07\/fence_technique_10_b-1280x857.jpg\" class=\"attachment-large size-large\" alt=\"\" loading=\"lazy\" srcset=\"https:\/\/www.accademiadentofacciale.it\/adf\/wp-content\/uploads\/2015\/07\/fence_technique_10_b.jpg 1280w, https:\/\/www.accademiadentofacciale.it\/adf\/wp-content\/uploads\/2015\/07\/fence_technique_10_b-300x201.jpg 300w\" sizes=\"auto, (max-width: 1140px) 100vw, 1140px\" \/><\/a><\/div><\/div><\/div><\/div><\/div><\/div><\/div><\/div><\/div><\/div><\/section><section class=\"l-section wpb_row height_medium\"><div class=\"l-section-h i-cf\"><div class=\"g-cols vc_row via_flex valign_top type_default stacking_default\"><div class=\"vc_col-sm-12 wpb_column vc_column_container\"><div class=\"vc_column-inner\"><div class=\"wpb_wrapper\"><div class=\"wpb_text_column\"><div class=\"wpb_wrapper\"><p>L&#8217;aspetto pi\u00f9 importante della prova delle strutture \u00e8 rappresentato dal controllo dell&#8217;adattamento di queste ai monconi implantari mediante un&#8217;analisi clinica ed eventualmente radiografica (Fig. 11). A conclusione di questa tappa si effettuer\u00e0 una nuova registrazione di verifica del rapporto intermascellare.<\/p>\n<\/div><\/div><div class=\"wpb_text_column\"><div class=\"wpb_wrapper\"><h6>Fig. 11. Riabilitazione bimascellare: visione delle strutture<\/h6>\n<\/div><\/div><div class=\"g-cols wpb_row via_flex valign_top type_default stacking_default\"><div class=\"vc_col-sm-6 wpb_column vc_column_container\"><div class=\"vc_column-inner\"><div class=\"wpb_wrapper\"><div class=\"w-image align_none\"><a ref=\"magnificPopup\" href=\"https:\/\/www.accademiadentofacciale.it\/adf\/wp-content\/uploads\/2015\/07\/fence_technique_11_a.jpg\" aria-label=\"Fig. 11. Riabilitazione bimascellare: visione delle strutture\" class=\"w-image-h\"><img decoding=\"async\" width=\"1140\" height=\"884\" src=\"https:\/\/www.accademiadentofacciale.it\/adf\/wp-content\/uploads\/2015\/07\/fence_technique_11_a-1280x993.jpg\" class=\"attachment-large size-large\" alt=\"\" loading=\"lazy\" srcset=\"https:\/\/www.accademiadentofacciale.it\/adf\/wp-content\/uploads\/2015\/07\/fence_technique_11_a.jpg 1280w, https:\/\/www.accademiadentofacciale.it\/adf\/wp-content\/uploads\/2015\/07\/fence_technique_11_a-300x233.jpg 300w\" sizes=\"auto, (max-width: 1140px) 100vw, 1140px\" \/><\/a><\/div><\/div><\/div><\/div><div class=\"vc_col-sm-6 wpb_column vc_column_container\"><div class=\"vc_column-inner\"><div class=\"wpb_wrapper\"><div class=\"w-image align_none\"><a ref=\"magnificPopup\" href=\"https:\/\/www.accademiadentofacciale.it\/adf\/wp-content\/uploads\/2015\/07\/fence_technique_11_b.jpg\" aria-label=\"Fig. 11. Riabilitazione bimascellare: visione delle strutture\" class=\"w-image-h\"><img decoding=\"async\" width=\"1140\" height=\"884\" src=\"https:\/\/www.accademiadentofacciale.it\/adf\/wp-content\/uploads\/2015\/07\/fence_technique_11_b-1280x993.jpg\" class=\"attachment-large size-large\" alt=\"\" loading=\"lazy\" srcset=\"https:\/\/www.accademiadentofacciale.it\/adf\/wp-content\/uploads\/2015\/07\/fence_technique_11_b.jpg 1280w, https:\/\/www.accademiadentofacciale.it\/adf\/wp-content\/uploads\/2015\/07\/fence_technique_11_b-300x233.jpg 300w\" sizes=\"auto, (max-width: 1140px) 100vw, 1140px\" \/><\/a><\/div><\/div><\/div><\/div><\/div><\/div><\/div><\/div><\/div><\/div><\/section><section class=\"l-section wpb_row height_medium\"><div class=\"l-section-h i-cf\"><div class=\"g-cols vc_row via_flex valign_top type_default stacking_default\"><div class=\"vc_col-sm-12 wpb_column vc_column_container\"><div class=\"vc_column-inner\"><div class=\"wpb_wrapper\"><div class=\"wpb_text_column\"><div class=\"wpb_wrapper\"><p>Solo a questo punto si potr\u00e0 iniziare la valutazione estetica vera e propria che prevede l&#8217;analisi della forma dei denti, la percezione del colore e l&#8217;armonia dell&#8217;integrazione dento-facciale.<\/p>\n<\/div><\/div><div class=\"wpb_text_column\"><div class=\"wpb_wrapper\"><h6>Fig. 12. Riabilitazione bimascellare: prova estetica<\/h6>\n<\/div><\/div><div class=\"g-cols wpb_row via_flex valign_top type_default stacking_default\"><div class=\"vc_col-sm-4 wpb_column vc_column_container\"><div class=\"vc_column-inner\"><div class=\"wpb_wrapper\"><div class=\"w-image align_none\"><a ref=\"magnificPopup\" href=\"https:\/\/www.accademiadentofacciale.it\/adf\/wp-content\/uploads\/2015\/07\/fence_technique_12_b.jpg\" aria-label=\"Fig. 12. Riabilitazione bimascellare: prova estetica\" class=\"w-image-h\"><img decoding=\"async\" width=\"1140\" height=\"773\" src=\"https:\/\/www.accademiadentofacciale.it\/adf\/wp-content\/uploads\/2015\/07\/fence_technique_12_b-1280x868.jpg\" class=\"attachment-large size-large\" alt=\"\" loading=\"lazy\" srcset=\"https:\/\/www.accademiadentofacciale.it\/adf\/wp-content\/uploads\/2015\/07\/fence_technique_12_b.jpg 1280w, https:\/\/www.accademiadentofacciale.it\/adf\/wp-content\/uploads\/2015\/07\/fence_technique_12_b-300x203.jpg 300w\" sizes=\"auto, (max-width: 1140px) 100vw, 1140px\" \/><\/a><\/div><\/div><\/div><\/div><div class=\"vc_col-sm-4 wpb_column vc_column_container\"><div class=\"vc_column-inner\"><div class=\"wpb_wrapper\"><div class=\"w-image align_none\"><a ref=\"magnificPopup\" href=\"https:\/\/www.accademiadentofacciale.it\/adf\/wp-content\/uploads\/2015\/07\/fence_technique_12_c.jpg\" aria-label=\"Fig. 12. Riabilitazione bimascellare: prova estetica\" class=\"w-image-h\"><img decoding=\"async\" width=\"1140\" height=\"633\" src=\"https:\/\/www.accademiadentofacciale.it\/adf\/wp-content\/uploads\/2015\/07\/fence_technique_12_c-1280x711.jpg\" class=\"attachment-large size-large\" alt=\"\" loading=\"lazy\" srcset=\"https:\/\/www.accademiadentofacciale.it\/adf\/wp-content\/uploads\/2015\/07\/fence_technique_12_c.jpg 1280w, https:\/\/www.accademiadentofacciale.it\/adf\/wp-content\/uploads\/2015\/07\/fence_technique_12_c-300x167.jpg 300w\" sizes=\"auto, (max-width: 1140px) 100vw, 1140px\" \/><\/a><\/div><\/div><\/div><\/div><div class=\"vc_col-sm-4 wpb_column vc_column_container\"><div class=\"vc_column-inner\"><div class=\"wpb_wrapper\"><div class=\"w-image align_none\"><a ref=\"magnificPopup\" href=\"https:\/\/www.accademiadentofacciale.it\/adf\/wp-content\/uploads\/2015\/07\/fence_technique_12_d.jpg\" aria-label=\"Fig. 12. Riabilitazione bimascellare: prova estetica\" class=\"w-image-h\"><img decoding=\"async\" width=\"1140\" height=\"648\" src=\"https:\/\/www.accademiadentofacciale.it\/adf\/wp-content\/uploads\/2015\/07\/fence_technique_12_d-1280x728.jpg\" class=\"attachment-large size-large\" alt=\"\" loading=\"lazy\" srcset=\"https:\/\/www.accademiadentofacciale.it\/adf\/wp-content\/uploads\/2015\/07\/fence_technique_12_d.jpg 1280w, https:\/\/www.accademiadentofacciale.it\/adf\/wp-content\/uploads\/2015\/07\/fence_technique_12_d-300x171.jpg 300w\" sizes=\"auto, (max-width: 1140px) 100vw, 1140px\" \/><\/a><\/div><\/div><\/div><\/div><\/div><div class=\"g-cols wpb_row via_flex valign_top type_default stacking_default\"><div class=\"vc_col-sm-12 wpb_column vc_column_container\"><div class=\"vc_column-inner\"><div class=\"wpb_wrapper\"><div class=\"w-separator size_custom\" style=\"height:32px\"><\/div><div class=\"w-image align_none\"><a ref=\"magnificPopup\" href=\"https:\/\/www.accademiadentofacciale.it\/adf\/wp-content\/uploads\/2015\/07\/fence_technique_12_f.jpg\" aria-label=\"Fig. 12. Riabilitazione bimascellare: prova estetica\" class=\"w-image-h\"><img decoding=\"async\" width=\"1140\" height=\"760\" src=\"https:\/\/www.accademiadentofacciale.it\/adf\/wp-content\/uploads\/2015\/07\/fence_technique_12_f-1280x853.jpg\" class=\"attachment-large size-large\" alt=\"\" loading=\"lazy\" srcset=\"https:\/\/www.accademiadentofacciale.it\/adf\/wp-content\/uploads\/2015\/07\/fence_technique_12_f.jpg 1280w, https:\/\/www.accademiadentofacciale.it\/adf\/wp-content\/uploads\/2015\/07\/fence_technique_12_f-300x200.jpg 300w\" sizes=\"auto, (max-width: 1140px) 100vw, 1140px\" \/><\/a><\/div><\/div><\/div><\/div><\/div><\/div><\/div><\/div><\/div><\/div><\/section><section class=\"l-section wpb_row height_medium\"><div class=\"l-section-h i-cf\"><div class=\"g-cols vc_row via_flex valign_top type_default stacking_default\"><div class=\"vc_col-sm-12 wpb_column vc_column_container\"><div class=\"vc_column-inner\"><div class=\"wpb_wrapper\"><div class=\"wpb_text_column\"><div class=\"wpb_wrapper\"><p>Il giorno della consegna del manufatto definitivo (Fig. 13) si controller\u00e0, come per ogni prova precedente, il serramento dei monconi implantari mediante l&#8217;apposito dinamometro. Inoltre, si dovr\u00e0 prestare particolare attenzione al rapporto di occlusione statico e dinamico. Si effettueranno le radiografie, che rappresenteranno il punto di partenza del programma di terapia di supporto in cui il paziente sar\u00e0 inserito.<\/p>\n<\/div><\/div><div class=\"wpb_text_column\"><div class=\"wpb_wrapper\"><h6>Fig. 13. Riabilitazione bimascellare: consegna della protesi definitiva<\/h6>\n<\/div><\/div><div class=\"g-cols wpb_row via_flex valign_top type_default stacking_default\"><div class=\"vc_col-sm-4 wpb_column vc_column_container\"><div class=\"vc_column-inner\"><div class=\"wpb_wrapper\"><div class=\"w-image align_none\"><a ref=\"magnificPopup\" href=\"https:\/\/www.accademiadentofacciale.it\/adf\/wp-content\/uploads\/2015\/07\/fence_technique_13_a.jpg\" aria-label=\"Fig. 13. Riabilitazione bimascellare: consegna della protesi definitiva\" class=\"w-image-h\"><img decoding=\"async\" width=\"1140\" height=\"760\" src=\"https:\/\/www.accademiadentofacciale.it\/adf\/wp-content\/uploads\/2015\/07\/fence_technique_13_a-1280x853.jpg\" class=\"attachment-large size-large\" alt=\"\" loading=\"lazy\" srcset=\"https:\/\/www.accademiadentofacciale.it\/adf\/wp-content\/uploads\/2015\/07\/fence_technique_13_a.jpg 1280w, https:\/\/www.accademiadentofacciale.it\/adf\/wp-content\/uploads\/2015\/07\/fence_technique_13_a-300x200.jpg 300w\" sizes=\"auto, (max-width: 1140px) 100vw, 1140px\" \/><\/a><\/div><\/div><\/div><\/div><div class=\"vc_col-sm-4 wpb_column vc_column_container\"><div class=\"vc_column-inner\"><div class=\"wpb_wrapper\"><div class=\"w-image align_none\"><a ref=\"magnificPopup\" href=\"https:\/\/www.accademiadentofacciale.it\/adf\/wp-content\/uploads\/2015\/07\/fence_technique_13_b.jpg\" aria-label=\"Fig. 13. Riabilitazione bimascellare: consegna della protesi definitiva\" class=\"w-image-h\"><img decoding=\"async\" width=\"1140\" height=\"803\" src=\"https:\/\/www.accademiadentofacciale.it\/adf\/wp-content\/uploads\/2015\/07\/fence_technique_13_b-1280x902.jpg\" class=\"attachment-large size-large\" alt=\"\" loading=\"lazy\" srcset=\"https:\/\/www.accademiadentofacciale.it\/adf\/wp-content\/uploads\/2015\/07\/fence_technique_13_b.jpg 1280w, https:\/\/www.accademiadentofacciale.it\/adf\/wp-content\/uploads\/2015\/07\/fence_technique_13_b-300x211.jpg 300w\" sizes=\"auto, (max-width: 1140px) 100vw, 1140px\" \/><\/a><\/div><\/div><\/div><\/div><div class=\"vc_col-sm-4 wpb_column vc_column_container\"><div class=\"vc_column-inner\"><div class=\"wpb_wrapper\"><div class=\"w-image align_none\"><a ref=\"magnificPopup\" href=\"https:\/\/www.accademiadentofacciale.it\/adf\/wp-content\/uploads\/2015\/07\/fence_technique_13_c.jpg\" aria-label=\"Fig. 13. Riabilitazione bimascellare: consegna della protesi definitiva\" class=\"w-image-h\"><img decoding=\"async\" width=\"1140\" height=\"760\" src=\"https:\/\/www.accademiadentofacciale.it\/adf\/wp-content\/uploads\/2015\/07\/fence_technique_13_c-1280x853.jpg\" class=\"attachment-large size-large\" alt=\"\" loading=\"lazy\" srcset=\"https:\/\/www.accademiadentofacciale.it\/adf\/wp-content\/uploads\/2015\/07\/fence_technique_13_c.jpg 1280w, https:\/\/www.accademiadentofacciale.it\/adf\/wp-content\/uploads\/2015\/07\/fence_technique_13_c-300x200.jpg 300w\" sizes=\"auto, (max-width: 1140px) 100vw, 1140px\" \/><\/a><\/div><\/div><\/div><\/div><\/div><div class=\"g-cols wpb_row via_flex valign_top type_default stacking_default\"><div class=\"vc_col-sm-6 wpb_column vc_column_container\"><div class=\"vc_column-inner\"><div class=\"wpb_wrapper\"><div class=\"w-separator size_custom\" style=\"height:32px\"><\/div><div class=\"w-image align_none\"><a ref=\"magnificPopup\" href=\"https:\/\/www.accademiadentofacciale.it\/adf\/wp-content\/uploads\/2015\/07\/fence_technique_13_d.jpg\" aria-label=\"Fig. 13. Riabilitazione bimascellare: consegna della protesi definitiva\" class=\"w-image-h\"><img decoding=\"async\" width=\"1140\" height=\"808\" src=\"https:\/\/www.accademiadentofacciale.it\/adf\/wp-content\/uploads\/2015\/07\/fence_technique_13_d-1280x907.jpg\" class=\"attachment-large size-large\" alt=\"\" loading=\"lazy\" srcset=\"https:\/\/www.accademiadentofacciale.it\/adf\/wp-content\/uploads\/2015\/07\/fence_technique_13_d.jpg 1280w, https:\/\/www.accademiadentofacciale.it\/adf\/wp-content\/uploads\/2015\/07\/fence_technique_13_d-300x213.jpg 300w\" sizes=\"auto, (max-width: 1140px) 100vw, 1140px\" \/><\/a><\/div><\/div><\/div><\/div><div class=\"vc_col-sm-6 wpb_column vc_column_container\"><div class=\"vc_column-inner\"><div class=\"wpb_wrapper\"><div class=\"w-separator size_custom\" style=\"height:32px\"><\/div><div class=\"w-image align_none\"><a ref=\"magnificPopup\" href=\"https:\/\/www.accademiadentofacciale.it\/adf\/wp-content\/uploads\/2015\/07\/fence_technique_13_e.jpg\" aria-label=\"Fig. 13. Riabilitazione bimascellare: consegna della protesi definitiva\" class=\"w-image-h\"><img decoding=\"async\" width=\"1140\" height=\"736\" src=\"https:\/\/www.accademiadentofacciale.it\/adf\/wp-content\/uploads\/2015\/07\/fence_technique_13_e-1280x826.jpg\" class=\"attachment-large size-large\" alt=\"\" loading=\"lazy\" srcset=\"https:\/\/www.accademiadentofacciale.it\/adf\/wp-content\/uploads\/2015\/07\/fence_technique_13_e.jpg 1280w, https:\/\/www.accademiadentofacciale.it\/adf\/wp-content\/uploads\/2015\/07\/fence_technique_13_e-300x194.jpg 300w\" sizes=\"auto, (max-width: 1140px) 100vw, 1140px\" \/><\/a><\/div><\/div><\/div><\/div><\/div><div class=\"g-cols wpb_row via_flex valign_top type_default stacking_default\"><div class=\"vc_col-sm-8 wpb_column vc_column_container\"><div class=\"vc_column-inner\"><div class=\"wpb_wrapper\"><div class=\"w-separator size_custom\" style=\"height:32px\"><\/div><div class=\"w-image align_none\"><a ref=\"magnificPopup\" href=\"https:\/\/www.accademiadentofacciale.it\/adf\/wp-content\/uploads\/2015\/07\/fence_technique_13_f.jpg\" aria-label=\"Fig. 13. Riabilitazione bimascellare: consegna della protesi definitiva\" class=\"w-image-h\"><img decoding=\"async\" width=\"1140\" height=\"697\" src=\"https:\/\/www.accademiadentofacciale.it\/adf\/wp-content\/uploads\/2015\/07\/fence_technique_13_f-1280x783.jpg\" class=\"attachment-large size-large\" alt=\"\" loading=\"lazy\" srcset=\"https:\/\/www.accademiadentofacciale.it\/adf\/wp-content\/uploads\/2015\/07\/fence_technique_13_f.jpg 1280w, https:\/\/www.accademiadentofacciale.it\/adf\/wp-content\/uploads\/2015\/07\/fence_technique_13_f-300x184.jpg 300w\" sizes=\"auto, (max-width: 1140px) 100vw, 1140px\" \/><\/a><\/div><\/div><\/div><\/div><div class=\"vc_col-sm-4 wpb_column vc_column_container\"><div class=\"vc_column-inner\"><div class=\"wpb_wrapper\"><div class=\"w-separator size_custom\" style=\"height:32px\"><\/div><div class=\"w-image align_none\"><a ref=\"magnificPopup\" href=\"https:\/\/www.accademiadentofacciale.it\/adf\/wp-content\/uploads\/2015\/07\/fence_technique_13_g.jpg\" aria-label=\"Fig. 13. Riabilitazione bimascellare: consegna della protesi definitiva\" class=\"w-image-h\"><img decoding=\"async\" width=\"766\" height=\"1280\" src=\"https:\/\/www.accademiadentofacciale.it\/adf\/wp-content\/uploads\/2015\/07\/fence_technique_13_g-766x1280.jpg\" class=\"attachment-large size-large\" alt=\"\" loading=\"lazy\" srcset=\"https:\/\/www.accademiadentofacciale.it\/adf\/wp-content\/uploads\/2015\/07\/fence_technique_13_g-766x1280.jpg 766w, https:\/\/www.accademiadentofacciale.it\/adf\/wp-content\/uploads\/2015\/07\/fence_technique_13_g-179x300.jpg 179w, https:\/\/www.accademiadentofacciale.it\/adf\/wp-content\/uploads\/2015\/07\/fence_technique_13_g.jpg 1280w\" sizes=\"auto, (max-width: 766px) 100vw, 766px\" \/><\/a><\/div><\/div><\/div><\/div><\/div><div class=\"g-cols wpb_row via_flex valign_top type_default stacking_default\"><div class=\"vc_col-sm-6 wpb_column vc_column_container\"><div class=\"vc_column-inner\"><div class=\"wpb_wrapper\"><div class=\"w-separator size_custom\" style=\"height:32px\"><\/div><div class=\"w-image align_none\"><a ref=\"magnificPopup\" href=\"https:\/\/www.accademiadentofacciale.it\/adf\/wp-content\/uploads\/2015\/07\/fence_technique_13_h.jpg\" aria-label=\"Fig. 13. Riabilitazione bimascellare: consegna della protesi definitiva\" class=\"w-image-h\"><img decoding=\"async\" width=\"1140\" height=\"763\" src=\"https:\/\/www.accademiadentofacciale.it\/adf\/wp-content\/uploads\/2015\/07\/fence_technique_13_h-1280x857.jpg\" class=\"attachment-large size-large\" alt=\"\" loading=\"lazy\" srcset=\"https:\/\/www.accademiadentofacciale.it\/adf\/wp-content\/uploads\/2015\/07\/fence_technique_13_h.jpg 1280w, https:\/\/www.accademiadentofacciale.it\/adf\/wp-content\/uploads\/2015\/07\/fence_technique_13_h-300x201.jpg 300w\" sizes=\"auto, (max-width: 1140px) 100vw, 1140px\" \/><\/a><\/div><\/div><\/div><\/div><div class=\"vc_col-sm-6 wpb_column vc_column_container\"><div class=\"vc_column-inner\"><div class=\"wpb_wrapper\"><div class=\"w-separator size_custom\" style=\"height:32px\"><\/div><div class=\"w-image align_none\"><a ref=\"magnificPopup\" href=\"https:\/\/www.accademiadentofacciale.it\/adf\/wp-content\/uploads\/2015\/07\/fence_technique_13_i.jpg\" aria-label=\"Fig. 13. Riabilitazione bimascellare: consegna della protesi definitiva\" class=\"w-image-h\"><img decoding=\"async\" width=\"1140\" height=\"763\" src=\"https:\/\/www.accademiadentofacciale.it\/adf\/wp-content\/uploads\/2015\/07\/fence_technique_13_i-1280x857.jpg\" class=\"attachment-large size-large\" alt=\"\" loading=\"lazy\" srcset=\"https:\/\/www.accademiadentofacciale.it\/adf\/wp-content\/uploads\/2015\/07\/fence_technique_13_i.jpg 1280w, https:\/\/www.accademiadentofacciale.it\/adf\/wp-content\/uploads\/2015\/07\/fence_technique_13_i-300x201.jpg 300w\" sizes=\"auto, (max-width: 1140px) 100vw, 1140px\" \/><\/a><\/div><\/div><\/div><\/div><\/div><\/div><\/div><\/div><\/div><\/div><\/section><section class=\"l-section wpb_row height_medium\"><div class=\"l-section-h i-cf\"><div class=\"g-cols vc_row via_flex valign_top type_default stacking_default\"><div class=\"vc_col-sm-12 wpb_column vc_column_container\"><div class=\"vc_column-inner\"><div class=\"wpb_wrapper\"><div class=\"wpb_text_column\"><div class=\"wpb_wrapper\"><h6>Fig. 14. Riabilitazione bimascellare: visone delle protesi rimosse durante la terapia implantare di supporto<\/h6>\n<\/div><\/div><div class=\"g-cols wpb_row via_flex valign_top type_default stacking_default\"><div class=\"vc_col-sm-6 wpb_column vc_column_container\"><div class=\"vc_column-inner\"><div class=\"wpb_wrapper\"><div class=\"w-image align_none\"><a ref=\"magnificPopup\" href=\"https:\/\/www.accademiadentofacciale.it\/adf\/wp-content\/uploads\/2015\/07\/fence_technique_13_m.jpg\" aria-label=\"Fig. 14. Riabilitazione bimascellare: visone delle protesi rimosse durante la terapia implantare di supporto\" class=\"w-image-h\"><img decoding=\"async\" width=\"1140\" height=\"725\" src=\"https:\/\/www.accademiadentofacciale.it\/adf\/wp-content\/uploads\/2015\/07\/fence_technique_13_m-1280x814.jpg\" class=\"attachment-large size-large\" alt=\"\" loading=\"lazy\" srcset=\"https:\/\/www.accademiadentofacciale.it\/adf\/wp-content\/uploads\/2015\/07\/fence_technique_13_m.jpg 1280w, https:\/\/www.accademiadentofacciale.it\/adf\/wp-content\/uploads\/2015\/07\/fence_technique_13_m-300x191.jpg 300w\" sizes=\"auto, (max-width: 1140px) 100vw, 1140px\" \/><\/a><\/div><\/div><\/div><\/div><div class=\"vc_col-sm-6 wpb_column vc_column_container\"><div class=\"vc_column-inner\"><div class=\"wpb_wrapper\"><div class=\"w-image align_none\"><a ref=\"magnificPopup\" href=\"https:\/\/www.accademiadentofacciale.it\/adf\/wp-content\/uploads\/2015\/07\/fence_technique_14_a.jpg\" aria-label=\"Fig. 14. Riabilitazione bimascellare: visone delle protesi rimosse durante la terapia implantare di supporto\" class=\"w-image-h\"><img decoding=\"async\" width=\"1140\" height=\"971\" src=\"https:\/\/www.accademiadentofacciale.it\/adf\/wp-content\/uploads\/2015\/07\/fence_technique_14_a-1280x1090.jpg\" class=\"attachment-large size-large\" alt=\"\" loading=\"lazy\" srcset=\"https:\/\/www.accademiadentofacciale.it\/adf\/wp-content\/uploads\/2015\/07\/fence_technique_14_a.jpg 1280w, https:\/\/www.accademiadentofacciale.it\/adf\/wp-content\/uploads\/2015\/07\/fence_technique_14_a-300x255.jpg 300w\" sizes=\"auto, (max-width: 1140px) 100vw, 1140px\" \/><\/a><\/div><\/div><\/div><\/div><\/div><\/div><\/div><\/div><\/div><\/div><\/section><section class=\"l-section wpb_row height_medium\"><div class=\"l-section-h i-cf\"><div class=\"g-cols vc_row via_flex valign_top type_default stacking_default\"><div class=\"vc_col-sm-12 wpb_column vc_column_container\"><div class=\"vc_column-inner\"><div class=\"wpb_wrapper\"><div class=\"wpb_text_column\"><div class=\"wpb_wrapper\"><h6>Fig. 15. Riabilitazione bimascellare: immagine radiografica e del sorriso a 5 anni di follow-up<\/h6>\n<\/div><\/div><div class=\"g-cols wpb_row via_flex valign_top type_default stacking_default\"><div class=\"vc_col-sm-6 wpb_column vc_column_container\"><div class=\"vc_column-inner\"><div class=\"wpb_wrapper\"><div class=\"w-image align_none\"><a ref=\"magnificPopup\" href=\"https:\/\/www.accademiadentofacciale.it\/adf\/wp-content\/uploads\/2015\/07\/fence_technique_15_a.jpg\" aria-label=\"Fig. 14. Riabilitazione bimascellare: visone delle protesi rimosse durante la terapia implantare di supporto\" class=\"w-image-h\"><img decoding=\"async\" width=\"1140\" height=\"544\" src=\"https:\/\/www.accademiadentofacciale.it\/adf\/wp-content\/uploads\/2015\/07\/fence_technique_15_a-1280x611.jpg\" class=\"attachment-large size-large\" alt=\"\" loading=\"lazy\" srcset=\"https:\/\/www.accademiadentofacciale.it\/adf\/wp-content\/uploads\/2015\/07\/fence_technique_15_a.jpg 1280w, https:\/\/www.accademiadentofacciale.it\/adf\/wp-content\/uploads\/2015\/07\/fence_technique_15_a-300x143.jpg 300w\" sizes=\"auto, (max-width: 1140px) 100vw, 1140px\" \/><\/a><\/div><\/div><\/div><\/div><div class=\"vc_col-sm-6 wpb_column vc_column_container\"><div class=\"vc_column-inner\"><div class=\"wpb_wrapper\"><div class=\"w-image align_none\"><a ref=\"magnificPopup\" href=\"https:\/\/www.accademiadentofacciale.it\/adf\/wp-content\/uploads\/2015\/07\/fence_technique_15_b.jpg\" aria-label=\"Fig. 15. Riabilitazione bimascellare: immagine radiografica e del sorriso a 5 anni di follow-up\" class=\"w-image-h\"><img decoding=\"async\" width=\"1140\" height=\"816\" src=\"https:\/\/www.accademiadentofacciale.it\/adf\/wp-content\/uploads\/2015\/07\/fence_technique_15_b-1280x916.jpg\" class=\"attachment-large size-large\" alt=\"\" loading=\"lazy\" srcset=\"https:\/\/www.accademiadentofacciale.it\/adf\/wp-content\/uploads\/2015\/07\/fence_technique_15_b.jpg 1280w, https:\/\/www.accademiadentofacciale.it\/adf\/wp-content\/uploads\/2015\/07\/fence_technique_15_b-300x215.jpg 300w\" sizes=\"auto, (max-width: 1140px) 100vw, 1140px\" \/><\/a><\/div><\/div><\/div><\/div><\/div><\/div><\/div><\/div><\/div><\/div><\/section><section class=\"l-section wpb_row height_medium\"><div class=\"l-section-h i-cf\"><div class=\"g-cols vc_row via_flex valign_top type_default stacking_default\"><div class=\"vc_col-sm-12 wpb_column vc_column_container\"><div class=\"vc_column-inner\"><div class=\"wpb_wrapper\"><div class=\"wpb_text_column us_custom_00864fde\"><div class=\"wpb_wrapper\"><p><strong>Per approfondimenti si consulti l&#8217;articolo originale:<\/strong><\/p>\n<p>Merli M, Moscatelli M, Mazzoni A, Mazzoni S, Pagliaro U, Breschi L, Motroni A, Nieri M. Fence technique: guided bone regeneration for extensive three-dimensional augmentation. Int J Periodontics Restorative Dent 2013;33:129-136.<strong><br \/>\n<\/strong><\/p>\n<p>&nbsp;<\/p>\n<p><strong>Bibliografia citata:<\/strong><\/p>\n<p>Mal\u00f3 P, Rangert B, Nobre M. &#8220;All-on-Four&#8221; immediate-function concept with Br\u00e5nemark System implants for completely edentulous mandibles: a retrospective clinical study. Clin Implant Dent Relat Res. 2003;5 Suppl 1:2-9.<\/p>\n<p>Mal\u00f3 P, Rangert B, Nobre M. &#8220;All-on-Four&#8221; immediate-function concept with Br\u00e5nemark System implants for completely edentulous mandibles: a 1-year retrospective clinical study. Clin Implant Dent Relat Res. 2005;7 Suppl 1:S88-94.<\/p>\n<p>Merli M, Moscatelli M, Mazzoni A, Mazzoni S, Pagliaro U, Breschi L, Motroni A, Nieri M. Fence technique: guided bone regeneration for extensive three-dimensional augmentation. Int J Periodontics Restorative Dent 2013;33:129-136.<\/p>\n<p>Owens Wd, Felts JA, Spitznagel EL Jr. ASA physical status classifications: A study of consistency of ratings. Anesthesiology 1978;49:239-243.<\/p>\n<p>Patzelt SB, Bahat O, Reynolds MA, Strub JR. The all-on-four treatment concept: a systematic review. Clin Implant Dent Relat Res 2014;16:836-855.<\/p>\n<\/div><\/div><\/div><\/div><\/div><\/div><\/div><\/section>\n","protected":false},"excerpt":{"rendered":"L\u2019edentulia \u00e8 stata definita come condizione patologica dall&#8217;Organizzazione Mondiale della Salute nel 1990. I disagi che tale condizione pu\u00f2 generare in termini estetici, funzionali e psicologici possono essere talmente invalidanti da far considerare l&#8217;edentulismo un handicap sociale. Il progressivo aumento dell\u2019et\u00e0 media ha incrementato in maniera sensibile quelle che sono le aspettative dei pazienti in...","protected":false},"author":4,"featured_media":15338,"comment_status":"closed","ping_status":"open","sticky":false,"template":"","format":"standard","meta":{"footnotes":""},"categories":[7],"tags":[118,102,109,100,117,101],"class_list":["post-15183","post","type-post","status-publish","format-standard","has-post-thumbnail","hentry","category-implantologia","tag-autogenous-bone","tag-bone-augmentation","tag-bone-reconstruction","tag-fence-technique","tag-implant","tag-ricostruttiva"],"yoast_head":"<!-- This site is optimized with the Yoast SEO plugin v27.4 - https:\/\/yoast.com\/product\/yoast-seo-wordpress\/ -->\n<title>\u201cFence Technique\u201d: una procedura ricostruttiva innovativa - Accademia Dento\u00b7Facciale \u2022 Alta Formazione per Odontoiatri e Corsi per Medici Dentisti<\/title>\n<meta name=\"robots\" content=\"index, follow, max-snippet:-1, max-image-preview:large, max-video-preview:-1\" \/>\n<link rel=\"canonical\" href=\"https:\/\/www.accademiadentofacciale.it\/adf\/fence-technique-una-procedura-ricostruttiva-innovativa\/\" \/>\n<meta property=\"og:locale\" content=\"it_IT\" \/>\n<meta property=\"og:type\" content=\"article\" \/>\n<meta property=\"og:title\" content=\"\u201cFence Technique\u201d: una procedura ricostruttiva innovativa - Accademia Dento\u00b7Facciale \u2022 Alta Formazione per Odontoiatri e Corsi per Medici Dentisti\" \/>\n<meta property=\"og:url\" content=\"https:\/\/www.accademiadentofacciale.it\/adf\/fence-technique-una-procedura-ricostruttiva-innovativa\/\" \/>\n<meta property=\"og:site_name\" content=\"Accademia Dento\u00b7Facciale\" \/>\n<meta property=\"article:publisher\" content=\"https:\/\/www.facebook.com\/accademia.dento.facciale\/\" \/>\n<meta property=\"article:published_time\" content=\"2015-07-30T12:50:49+00:00\" \/>\n<meta property=\"article:modified_time\" content=\"2021-07-09T08:23:10+00:00\" \/>\n<meta property=\"og:image\" content=\"https:\/\/www.accademiadentofacciale.it\/adf\/wp-content\/uploads\/2015\/07\/fence_technique_cover.jpg\" \/>\n\t<meta property=\"og:image:width\" content=\"1280\" \/>\n\t<meta property=\"og:image:height\" content=\"584\" \/>\n\t<meta property=\"og:image:type\" content=\"image\/jpeg\" \/>\n<meta name=\"author\" content=\"Dr. Mauro Merli\" \/>\n<meta name=\"twitter:card\" content=\"summary_large_image\" \/>\n<meta name=\"twitter:label1\" content=\"Scritto da\" \/>\n\t<meta name=\"twitter:data1\" content=\"Dr. Mauro Merli\" \/>\n\t<meta name=\"twitter:label2\" content=\"Tempo di lettura stimato\" \/>\n\t<meta name=\"twitter:data2\" content=\"16 minuti\" \/>\n<script type=\"application\/ld+json\" class=\"yoast-schema-graph\">{\"@context\":\"https:\\\/\\\/schema.org\",\"@graph\":[{\"@type\":\"Article\",\"@id\":\"https:\\\/\\\/www.accademiadentofacciale.it\\\/adf\\\/fence-technique-una-procedura-ricostruttiva-innovativa\\\/#article\",\"isPartOf\":{\"@id\":\"https:\\\/\\\/www.accademiadentofacciale.it\\\/adf\\\/fence-technique-una-procedura-ricostruttiva-innovativa\\\/\"},\"author\":{\"name\":\"Dr. Mauro Merli\",\"@id\":\"https:\\\/\\\/www.accademiadentofacciale.it\\\/adf\\\/#\\\/schema\\\/person\\\/32daea88d4fd46bafb736cc4ad24c09a\"},\"headline\":\"\u201cFence Technique\u201d: una procedura ricostruttiva innovativa\",\"datePublished\":\"2015-07-30T12:50:49+00:00\",\"dateModified\":\"2021-07-09T08:23:10+00:00\",\"mainEntityOfPage\":{\"@id\":\"https:\\\/\\\/www.accademiadentofacciale.it\\\/adf\\\/fence-technique-una-procedura-ricostruttiva-innovativa\\\/\"},\"wordCount\":3144,\"image\":{\"@id\":\"https:\\\/\\\/www.accademiadentofacciale.it\\\/adf\\\/fence-technique-una-procedura-ricostruttiva-innovativa\\\/#primaryimage\"},\"thumbnailUrl\":\"https:\\\/\\\/www.accademiadentofacciale.it\\\/adf\\\/wp-content\\\/uploads\\\/2015\\\/07\\\/fence_technique_cover.jpg\",\"keywords\":[\"autogenous bone\",\"bone augmentation\",\"bone reconstruction\",\"fence technique\",\"implant\",\"ricostruttiva\"],\"articleSection\":[\"IMPLANTOLOGY\"],\"inLanguage\":\"it-IT\"},{\"@type\":\"WebPage\",\"@id\":\"https:\\\/\\\/www.accademiadentofacciale.it\\\/adf\\\/fence-technique-una-procedura-ricostruttiva-innovativa\\\/\",\"url\":\"https:\\\/\\\/www.accademiadentofacciale.it\\\/adf\\\/fence-technique-una-procedura-ricostruttiva-innovativa\\\/\",\"name\":\"\u201cFence Technique\u201d: una procedura ricostruttiva innovativa - Accademia Dento\u00b7Facciale \u2022 Alta Formazione per Odontoiatri e Corsi per Medici Dentisti\",\"isPartOf\":{\"@id\":\"https:\\\/\\\/www.accademiadentofacciale.it\\\/adf\\\/#website\"},\"primaryImageOfPage\":{\"@id\":\"https:\\\/\\\/www.accademiadentofacciale.it\\\/adf\\\/fence-technique-una-procedura-ricostruttiva-innovativa\\\/#primaryimage\"},\"image\":{\"@id\":\"https:\\\/\\\/www.accademiadentofacciale.it\\\/adf\\\/fence-technique-una-procedura-ricostruttiva-innovativa\\\/#primaryimage\"},\"thumbnailUrl\":\"https:\\\/\\\/www.accademiadentofacciale.it\\\/adf\\\/wp-content\\\/uploads\\\/2015\\\/07\\\/fence_technique_cover.jpg\",\"datePublished\":\"2015-07-30T12:50:49+00:00\",\"dateModified\":\"2021-07-09T08:23:10+00:00\",\"author\":{\"@id\":\"https:\\\/\\\/www.accademiadentofacciale.it\\\/adf\\\/#\\\/schema\\\/person\\\/32daea88d4fd46bafb736cc4ad24c09a\"},\"breadcrumb\":{\"@id\":\"https:\\\/\\\/www.accademiadentofacciale.it\\\/adf\\\/fence-technique-una-procedura-ricostruttiva-innovativa\\\/#breadcrumb\"},\"inLanguage\":\"it-IT\",\"potentialAction\":[{\"@type\":\"ReadAction\",\"target\":[\"https:\\\/\\\/www.accademiadentofacciale.it\\\/adf\\\/fence-technique-una-procedura-ricostruttiva-innovativa\\\/\"]}]},{\"@type\":\"ImageObject\",\"inLanguage\":\"it-IT\",\"@id\":\"https:\\\/\\\/www.accademiadentofacciale.it\\\/adf\\\/fence-technique-una-procedura-ricostruttiva-innovativa\\\/#primaryimage\",\"url\":\"https:\\\/\\\/www.accademiadentofacciale.it\\\/adf\\\/wp-content\\\/uploads\\\/2015\\\/07\\\/fence_technique_cover.jpg\",\"contentUrl\":\"https:\\\/\\\/www.accademiadentofacciale.it\\\/adf\\\/wp-content\\\/uploads\\\/2015\\\/07\\\/fence_technique_cover.jpg\",\"width\":1280,\"height\":584},{\"@type\":\"BreadcrumbList\",\"@id\":\"https:\\\/\\\/www.accademiadentofacciale.it\\\/adf\\\/fence-technique-una-procedura-ricostruttiva-innovativa\\\/#breadcrumb\",\"itemListElement\":[{\"@type\":\"ListItem\",\"position\":1,\"name\":\"Home\",\"item\":\"https:\\\/\\\/www.accademiadentofacciale.it\\\/adf\\\/\"},{\"@type\":\"ListItem\",\"position\":2,\"name\":\"\u201cFence Technique\u201d: una procedura ricostruttiva innovativa\"}]},{\"@type\":\"WebSite\",\"@id\":\"https:\\\/\\\/www.accademiadentofacciale.it\\\/adf\\\/#website\",\"url\":\"https:\\\/\\\/www.accademiadentofacciale.it\\\/adf\\\/\",\"name\":\"Accademia Dento\u00b7Facciale\",\"description\":\"Alta Formazione per Odontoiatri e Corsi per Medici Dentisti\",\"potentialAction\":[{\"@type\":\"SearchAction\",\"target\":{\"@type\":\"EntryPoint\",\"urlTemplate\":\"https:\\\/\\\/www.accademiadentofacciale.it\\\/adf\\\/?s={search_term_string}\"},\"query-input\":{\"@type\":\"PropertyValueSpecification\",\"valueRequired\":true,\"valueName\":\"search_term_string\"}}],\"inLanguage\":\"it-IT\"},{\"@type\":\"Person\",\"@id\":\"https:\\\/\\\/www.accademiadentofacciale.it\\\/adf\\\/#\\\/schema\\\/person\\\/32daea88d4fd46bafb736cc4ad24c09a\",\"name\":\"Dr. Mauro Merli\",\"image\":{\"@type\":\"ImageObject\",\"inLanguage\":\"it-IT\",\"@id\":\"https:\\\/\\\/www.accademiadentofacciale.it\\\/adf\\\/wp-content\\\/uploads\\\/2024\\\/11\\\/foto-Merli-Mauro-2024-150x150.jpg\",\"url\":\"https:\\\/\\\/www.accademiadentofacciale.it\\\/adf\\\/wp-content\\\/uploads\\\/2024\\\/11\\\/foto-Merli-Mauro-2024-150x150.jpg\",\"contentUrl\":\"https:\\\/\\\/www.accademiadentofacciale.it\\\/adf\\\/wp-content\\\/uploads\\\/2024\\\/11\\\/foto-Merli-Mauro-2024-150x150.jpg\",\"caption\":\"Dr. Mauro Merli\"},\"description\":\"Medico Chirurgo \u2013 Odontoiatra\",\"url\":\"https:\\\/\\\/www.accademiadentofacciale.it\\\/adf\\\/author\\\/mauromerli\\\/\"}]}<\/script>\n<!-- \/ Yoast SEO plugin. -->","yoast_head_json":{"title":"\u201cFence Technique\u201d: una procedura ricostruttiva innovativa - Accademia Dento\u00b7Facciale \u2022 Alta Formazione per Odontoiatri e Corsi per Medici Dentisti","robots":{"index":"index","follow":"follow","max-snippet":"max-snippet:-1","max-image-preview":"max-image-preview:large","max-video-preview":"max-video-preview:-1"},"canonical":"https:\/\/www.accademiadentofacciale.it\/adf\/fence-technique-una-procedura-ricostruttiva-innovativa\/","og_locale":"it_IT","og_type":"article","og_title":"\u201cFence Technique\u201d: una procedura ricostruttiva innovativa - Accademia Dento\u00b7Facciale \u2022 Alta Formazione per Odontoiatri e Corsi per Medici Dentisti","og_url":"https:\/\/www.accademiadentofacciale.it\/adf\/fence-technique-una-procedura-ricostruttiva-innovativa\/","og_site_name":"Accademia Dento\u00b7Facciale","article_publisher":"https:\/\/www.facebook.com\/accademia.dento.facciale\/","article_published_time":"2015-07-30T12:50:49+00:00","article_modified_time":"2021-07-09T08:23:10+00:00","og_image":[{"width":1280,"height":584,"url":"https:\/\/www.accademiadentofacciale.it\/adf\/wp-content\/uploads\/2015\/07\/fence_technique_cover.jpg","type":"image\/jpeg"}],"author":"Dr. Mauro Merli","twitter_card":"summary_large_image","twitter_misc":{"Scritto da":"Dr. Mauro Merli","Tempo di lettura stimato":"16 minuti"},"schema":{"@context":"https:\/\/schema.org","@graph":[{"@type":"Article","@id":"https:\/\/www.accademiadentofacciale.it\/adf\/fence-technique-una-procedura-ricostruttiva-innovativa\/#article","isPartOf":{"@id":"https:\/\/www.accademiadentofacciale.it\/adf\/fence-technique-una-procedura-ricostruttiva-innovativa\/"},"author":{"name":"Dr. Mauro Merli","@id":"https:\/\/www.accademiadentofacciale.it\/adf\/#\/schema\/person\/32daea88d4fd46bafb736cc4ad24c09a"},"headline":"\u201cFence Technique\u201d: una procedura ricostruttiva innovativa","datePublished":"2015-07-30T12:50:49+00:00","dateModified":"2021-07-09T08:23:10+00:00","mainEntityOfPage":{"@id":"https:\/\/www.accademiadentofacciale.it\/adf\/fence-technique-una-procedura-ricostruttiva-innovativa\/"},"wordCount":3144,"image":{"@id":"https:\/\/www.accademiadentofacciale.it\/adf\/fence-technique-una-procedura-ricostruttiva-innovativa\/#primaryimage"},"thumbnailUrl":"https:\/\/www.accademiadentofacciale.it\/adf\/wp-content\/uploads\/2015\/07\/fence_technique_cover.jpg","keywords":["autogenous bone","bone augmentation","bone reconstruction","fence technique","implant","ricostruttiva"],"articleSection":["IMPLANTOLOGY"],"inLanguage":"it-IT"},{"@type":"WebPage","@id":"https:\/\/www.accademiadentofacciale.it\/adf\/fence-technique-una-procedura-ricostruttiva-innovativa\/","url":"https:\/\/www.accademiadentofacciale.it\/adf\/fence-technique-una-procedura-ricostruttiva-innovativa\/","name":"\u201cFence Technique\u201d: una procedura ricostruttiva innovativa - Accademia Dento\u00b7Facciale \u2022 Alta Formazione per Odontoiatri e Corsi per Medici Dentisti","isPartOf":{"@id":"https:\/\/www.accademiadentofacciale.it\/adf\/#website"},"primaryImageOfPage":{"@id":"https:\/\/www.accademiadentofacciale.it\/adf\/fence-technique-una-procedura-ricostruttiva-innovativa\/#primaryimage"},"image":{"@id":"https:\/\/www.accademiadentofacciale.it\/adf\/fence-technique-una-procedura-ricostruttiva-innovativa\/#primaryimage"},"thumbnailUrl":"https:\/\/www.accademiadentofacciale.it\/adf\/wp-content\/uploads\/2015\/07\/fence_technique_cover.jpg","datePublished":"2015-07-30T12:50:49+00:00","dateModified":"2021-07-09T08:23:10+00:00","author":{"@id":"https:\/\/www.accademiadentofacciale.it\/adf\/#\/schema\/person\/32daea88d4fd46bafb736cc4ad24c09a"},"breadcrumb":{"@id":"https:\/\/www.accademiadentofacciale.it\/adf\/fence-technique-una-procedura-ricostruttiva-innovativa\/#breadcrumb"},"inLanguage":"it-IT","potentialAction":[{"@type":"ReadAction","target":["https:\/\/www.accademiadentofacciale.it\/adf\/fence-technique-una-procedura-ricostruttiva-innovativa\/"]}]},{"@type":"ImageObject","inLanguage":"it-IT","@id":"https:\/\/www.accademiadentofacciale.it\/adf\/fence-technique-una-procedura-ricostruttiva-innovativa\/#primaryimage","url":"https:\/\/www.accademiadentofacciale.it\/adf\/wp-content\/uploads\/2015\/07\/fence_technique_cover.jpg","contentUrl":"https:\/\/www.accademiadentofacciale.it\/adf\/wp-content\/uploads\/2015\/07\/fence_technique_cover.jpg","width":1280,"height":584},{"@type":"BreadcrumbList","@id":"https:\/\/www.accademiadentofacciale.it\/adf\/fence-technique-una-procedura-ricostruttiva-innovativa\/#breadcrumb","itemListElement":[{"@type":"ListItem","position":1,"name":"Home","item":"https:\/\/www.accademiadentofacciale.it\/adf\/"},{"@type":"ListItem","position":2,"name":"\u201cFence Technique\u201d: una procedura ricostruttiva innovativa"}]},{"@type":"WebSite","@id":"https:\/\/www.accademiadentofacciale.it\/adf\/#website","url":"https:\/\/www.accademiadentofacciale.it\/adf\/","name":"Accademia Dento\u00b7Facciale","description":"Alta Formazione per Odontoiatri e Corsi per Medici Dentisti","potentialAction":[{"@type":"SearchAction","target":{"@type":"EntryPoint","urlTemplate":"https:\/\/www.accademiadentofacciale.it\/adf\/?s={search_term_string}"},"query-input":{"@type":"PropertyValueSpecification","valueRequired":true,"valueName":"search_term_string"}}],"inLanguage":"it-IT"},{"@type":"Person","@id":"https:\/\/www.accademiadentofacciale.it\/adf\/#\/schema\/person\/32daea88d4fd46bafb736cc4ad24c09a","name":"Dr. Mauro Merli","image":{"@type":"ImageObject","inLanguage":"it-IT","@id":"https:\/\/www.accademiadentofacciale.it\/adf\/wp-content\/uploads\/2024\/11\/foto-Merli-Mauro-2024-150x150.jpg","url":"https:\/\/www.accademiadentofacciale.it\/adf\/wp-content\/uploads\/2024\/11\/foto-Merli-Mauro-2024-150x150.jpg","contentUrl":"https:\/\/www.accademiadentofacciale.it\/adf\/wp-content\/uploads\/2024\/11\/foto-Merli-Mauro-2024-150x150.jpg","caption":"Dr. Mauro Merli"},"description":"Medico Chirurgo \u2013 Odontoiatra","url":"https:\/\/www.accademiadentofacciale.it\/adf\/author\/mauromerli\/"}]}},"_links":{"self":[{"href":"https:\/\/www.accademiadentofacciale.it\/adf\/wp-json\/wp\/v2\/posts\/15183","targetHints":{"allow":["GET"]}}],"collection":[{"href":"https:\/\/www.accademiadentofacciale.it\/adf\/wp-json\/wp\/v2\/posts"}],"about":[{"href":"https:\/\/www.accademiadentofacciale.it\/adf\/wp-json\/wp\/v2\/types\/post"}],"author":[{"embeddable":true,"href":"https:\/\/www.accademiadentofacciale.it\/adf\/wp-json\/wp\/v2\/users\/4"}],"replies":[{"embeddable":true,"href":"https:\/\/www.accademiadentofacciale.it\/adf\/wp-json\/wp\/v2\/comments?post=15183"}],"version-history":[{"count":132,"href":"https:\/\/www.accademiadentofacciale.it\/adf\/wp-json\/wp\/v2\/posts\/15183\/revisions"}],"predecessor-version":[{"id":17711,"href":"https:\/\/www.accademiadentofacciale.it\/adf\/wp-json\/wp\/v2\/posts\/15183\/revisions\/17711"}],"wp:featuredmedia":[{"embeddable":true,"href":"https:\/\/www.accademiadentofacciale.it\/adf\/wp-json\/wp\/v2\/media\/15338"}],"wp:attachment":[{"href":"https:\/\/www.accademiadentofacciale.it\/adf\/wp-json\/wp\/v2\/media?parent=15183"}],"wp:term":[{"taxonomy":"category","embeddable":true,"href":"https:\/\/www.accademiadentofacciale.it\/adf\/wp-json\/wp\/v2\/categories?post=15183"},{"taxonomy":"post_tag","embeddable":true,"href":"https:\/\/www.accademiadentofacciale.it\/adf\/wp-json\/wp\/v2\/tags?post=15183"}],"curies":[{"name":"wp","href":"https:\/\/api.w.org\/{rel}","templated":true}]}}